
{"id":89114,"date":"2020-08-17T23:49:48","date_gmt":"2020-08-18T02:49:48","guid":{"rendered":"https:\/\/www.sudoestehoje.com.br\/novoportal\/?p=89114"},"modified":"2020-08-17T23:49:48","modified_gmt":"2020-08-18T02:49:48","slug":"debandou-presidente-do-pl-diz-que-seguira-pdt-em-apoio-ao-candidato-de-acm-neto","status":"publish","type":"post","link":"https:\/\/www.sudoestehoje.com.br\/novoportal\/2020\/08\/17\/debandou-presidente-do-pl-diz-que-seguira-pdt-em-apoio-ao-candidato-de-acm-neto\/","title":{"rendered":"DEBANDOU: PRESIDENTE DO PL DIZ QUE SEGUIR\u00c1 PDT EM APOIO AO CANDIDATO DE ACM NETO"},"content":{"rendered":"<p><a href=\"https:\/\/www.sudoestehoje.com.br\/novoportal\/wp-content\/uploads\/2020\/08\/JC-E-FELIX.jpg\"><img loading=\"lazy\" decoding=\"async\" class=\"aligncenter  wp-image-89117\" src=\"https:\/\/www.sudoestehoje.com.br\/novoportal\/wp-content\/uploads\/2020\/08\/JC-E-FELIX.jpg\" alt=\"\" width=\"500\" height=\"368\" \/><\/a><\/p>\n<p>Mesmo sendo um pol\u00edtico com longa estrada, em poucas oportunidades o ex-deputado federal Jos\u00e9 Carlos Ara\u00fajo (PL), atual presidente estadual do PL, pareceu t\u00e3o franco sobre como se sente.<\/p>\n<p>Em entrevista ao Bahia Not\u00edcias, Ara\u00fajo revelou pela primeira vez que deve seguir o PDT em qualquer decis\u00e3o que o partido tomar no estado. A legenda de Ciro Gomes (PDT) \u00e9 a favorita para indicar a vice de Bruno Reis (DEM) na capital. <em>\u201cCaititu fora do bando \u00e9 comida de on\u00e7a\u201d<\/em>, definiu Ara\u00fajo sobre o movimento.<\/p>\n<p>Com negocia\u00e7\u00f5es em andamento para integrar a base de ACM Neto na capital, o presidente do PL tamb\u00e9m abriu o que pensa sobre a articula\u00e7\u00e3o pol\u00edtica mais distante que o governador Rui Costa (PT) adotou no segundo mandato. \u201cO PL continua na base, embora o tratamento recebido n\u00e3o \u00e9 o que esper\u00e1vamos. O governador deve ter suas raz\u00f5es e entendemos. O que estamos fazendo \u00e9 tocando a vida. O governador \u00e9 um grande gestor, mas deixou a pol\u00edtica \u00e0 margem do processo\u201d, disse.<\/p>\n<p>Sobre as elei\u00e7\u00f5es de 2020, o presidente comparou Rui a um t\u00e9cnico que tenta ganhar o jogo aos 45 do segundo tempo e disse que n\u00e3o pretende lan\u00e7ar um candidato a prefeitura de Salvador: \u201cProcuramos o governador h\u00e1 mais de um ano para discutir a candidatura de L\u00e1zaro. Pedi interfer\u00eancia de Otto Alencar, mas o governador n\u00e3o se sensibilizou e n\u00e3o me recebeu. Agora entendo que perdemos o timing\u201d. <em>\/\/ BN<\/em><\/p>\n","protected":false},"excerpt":{"rendered":"<p>Mesmo sendo um pol\u00edtico com longa estrada, em poucas oportunidades o ex-deputado federal Jos\u00e9 Carlos Ara\u00fajo (PL), atual presidente estadual do PL, pareceu t\u00e3o franco sobre como se sente. Em entrevista ao Bahia Not\u00edcias, Ara\u00fajo revelou pela primeira vez que deve seguir o PDT em qualquer decis\u00e3o que o partido tomar no estado. A legenda [&hellip;]<\/p>\n","protected":false},"author":2,"featured_media":89117,"comment_status":"open","ping_status":"open","sticky":false,"template":"","format":"standard","meta":{"footnotes":"","_links_to":"","_links_to_target":""},"categories":[1],"tags":[],"class_list":["post-89114","post","type-post","status-publish","format-standard","has-post-thumbnail","hentry","category-geral"],"views":833,"_links":{"self":[{"href":"https:\/\/www.sudoestehoje.com.br\/novoportal\/wp-json\/wp\/v2\/posts\/89114","targetHints":{"allow":["GET"]}}],"collection":[{"href":"https:\/\/www.sudoestehoje.com.br\/novoportal\/wp-json\/wp\/v2\/posts"}],"about":[{"href":"https:\/\/www.sudoestehoje.com.br\/novoportal\/wp-json\/wp\/v2\/types\/post"}],"author":[{"embeddable":true,"href":"https:\/\/www.sudoestehoje.com.br\/novoportal\/wp-json\/wp\/v2\/users\/2"}],"replies":[{"embeddable":true,"href":"https:\/\/www.sudoestehoje.com.br\/novoportal\/wp-json\/wp\/v2\/comments?post=89114"}],"version-history":[{"count":4,"href":"https:\/\/www.sudoestehoje.com.br\/novoportal\/wp-json\/wp\/v2\/posts\/89114\/revisions"}],"predecessor-version":[{"id":89119,"href":"https:\/\/www.sudoestehoje.com.br\/novoportal\/wp-json\/wp\/v2\/posts\/89114\/revisions\/89119"}],"wp:featuredmedia":[{"embeddable":true,"href":"https:\/\/www.sudoestehoje.com.br\/novoportal\/wp-json\/wp\/v2\/media\/89117"}],"wp:attachment":[{"href":"https:\/\/www.sudoestehoje.com.br\/novoportal\/wp-json\/wp\/v2\/media?parent=89114"}],"wp:term":[{"taxonomy":"category","embeddable":true,"href":"https:\/\/www.sudoestehoje.com.br\/novoportal\/wp-json\/wp\/v2\/categories?post=89114"},{"taxonomy":"post_tag","embeddable":true,"href":"https:\/\/www.sudoestehoje.com.br\/novoportal\/wp-json\/wp\/v2\/tags?post=89114"}],"curies":[{"name":"wp","href":"https:\/\/api.w.org\/{rel}","templated":true}]}}