
{"id":89111,"date":"2020-08-17T23:02:44","date_gmt":"2020-08-18T02:02:44","guid":{"rendered":"https:\/\/www.sudoestehoje.com.br\/novoportal\/?p=89111"},"modified":"2020-08-17T23:02:44","modified_gmt":"2020-08-18T02:02:44","slug":"jequie-psd-escolhe-dr-fernando-como-pre-candidato-a-prefeito","status":"publish","type":"post","link":"https:\/\/www.sudoestehoje.com.br\/novoportal\/2020\/08\/17\/jequie-psd-escolhe-dr-fernando-como-pre-candidato-a-prefeito\/","title":{"rendered":"JEQUI\u00c9: PSD ESCOLHE DR. FERNANDO COMO PR\u00c9-CANDIDATO A PREFEITO"},"content":{"rendered":"<p><a href=\"https:\/\/www.sudoestehoje.com.br\/novoportal\/wp-content\/uploads\/2020\/08\/DR.-FERNANDO-E-BRITO-JEQUI\u00c9.jpeg\"><img loading=\"lazy\" decoding=\"async\" class=\"aligncenter size-medium wp-image-89112\" src=\"https:\/\/www.sudoestehoje.com.br\/novoportal\/wp-content\/uploads\/2020\/08\/DR.-FERNANDO-E-BRITO-JEQUI\u00c9-500x375.jpeg\" alt=\"\" width=\"500\" height=\"375\" srcset=\"https:\/\/www.sudoestehoje.com.br\/novoportal\/wp-content\/uploads\/2020\/08\/DR.-FERNANDO-E-BRITO-JEQUI\u00c9-500x375.jpeg 500w, https:\/\/www.sudoestehoje.com.br\/novoportal\/wp-content\/uploads\/2020\/08\/DR.-FERNANDO-E-BRITO-JEQUI\u00c9-700x525.jpeg 700w, https:\/\/www.sudoestehoje.com.br\/novoportal\/wp-content\/uploads\/2020\/08\/DR.-FERNANDO-E-BRITO-JEQUI\u00c9-768x576.jpeg 768w, https:\/\/www.sudoestehoje.com.br\/novoportal\/wp-content\/uploads\/2020\/08\/DR.-FERNANDO-E-BRITO-JEQUI\u00c9.jpeg 1280w\" sizes=\"auto, (max-width: 500px) 100vw, 500px\" \/><\/a><\/p>\n<p>Durante reuni\u00e3o do Diret\u00f3rio Municipal de Jequi\u00e9, oitava maior cidade do interior da Bahia, realizada hoje (17), o PSD, presidido no munic\u00edpio pelo deputado federal Antonio Brito e no Estado pelo senador Otto Alencar, escolheu o nome de Dr. Fernando como pr\u00e9-candidato a prefeito pela sigla para elei\u00e7\u00f5es municipais de 2020 e Alexandre como pr\u00e9-candidato a vice-prefeito.<\/p>\n<p>Dr. Fernando \u00e9 m\u00e9dico e obteve a segunda coloca\u00e7\u00e3o nas elei\u00e7\u00f5es de 2016 com 17.984 votos, quando concorreu contra o atual prefeito, S\u00e9rgio da Gameleira<\/p>\n<p>Dr. Fernando tamb\u00e9m foi o candidato a deputado estadual mais votado em Jequi\u00e9 nas elei\u00e7\u00f5es de 2014. Por sua vez, Alexandre \u00e9 reconhecido por sua atua\u00e7\u00e3o como ex-coordenador da Santa Casa de Jequi\u00e9.<\/p>\n<p>Os nomes dos pr\u00e9-candidatos ser\u00e3o homologados em conven\u00e7\u00e3o, quando tamb\u00e9m ser\u00e3o definidos os candidatos a vereador e as coliga\u00e7\u00f5es.<\/p>\n","protected":false},"excerpt":{"rendered":"<p>Durante reuni\u00e3o do Diret\u00f3rio Municipal de Jequi\u00e9, oitava maior cidade do interior da Bahia, realizada hoje (17), o PSD, presidido no munic\u00edpio pelo deputado federal Antonio Brito e no Estado pelo senador Otto Alencar, escolheu o nome de Dr. Fernando como pr\u00e9-candidato a prefeito pela sigla para elei\u00e7\u00f5es municipais de 2020 e Alexandre como pr\u00e9-candidato [&hellip;]<\/p>\n","protected":false},"author":2,"featured_media":89112,"comment_status":"open","ping_status":"open","sticky":false,"template":"","format":"standard","meta":{"footnotes":"","_links_to":"","_links_to_target":""},"categories":[1],"tags":[],"class_list":["post-89111","post","type-post","status-publish","format-standard","has-post-thumbnail","hentry","category-geral"],"views":888,"_links":{"self":[{"href":"https:\/\/www.sudoestehoje.com.br\/novoportal\/wp-json\/wp\/v2\/posts\/89111","targetHints":{"allow":["GET"]}}],"collection":[{"href":"https:\/\/www.sudoestehoje.com.br\/novoportal\/wp-json\/wp\/v2\/posts"}],"about":[{"href":"https:\/\/www.sudoestehoje.com.br\/novoportal\/wp-json\/wp\/v2\/types\/post"}],"author":[{"embeddable":true,"href":"https:\/\/www.sudoestehoje.com.br\/novoportal\/wp-json\/wp\/v2\/users\/2"}],"replies":[{"embeddable":true,"href":"https:\/\/www.sudoestehoje.com.br\/novoportal\/wp-json\/wp\/v2\/comments?post=89111"}],"version-history":[{"count":1,"href":"https:\/\/www.sudoestehoje.com.br\/novoportal\/wp-json\/wp\/v2\/posts\/89111\/revisions"}],"predecessor-version":[{"id":89113,"href":"https:\/\/www.sudoestehoje.com.br\/novoportal\/wp-json\/wp\/v2\/posts\/89111\/revisions\/89113"}],"wp:featuredmedia":[{"embeddable":true,"href":"https:\/\/www.sudoestehoje.com.br\/novoportal\/wp-json\/wp\/v2\/media\/89112"}],"wp:attachment":[{"href":"https:\/\/www.sudoestehoje.com.br\/novoportal\/wp-json\/wp\/v2\/media?parent=89111"}],"wp:term":[{"taxonomy":"category","embeddable":true,"href":"https:\/\/www.sudoestehoje.com.br\/novoportal\/wp-json\/wp\/v2\/categories?post=89111"},{"taxonomy":"post_tag","embeddable":true,"href":"https:\/\/www.sudoestehoje.com.br\/novoportal\/wp-json\/wp\/v2\/tags?post=89111"}],"curies":[{"name":"wp","href":"https:\/\/api.w.org\/{rel}","templated":true}]}}