
{"id":88919,"date":"2020-08-10T20:03:13","date_gmt":"2020-08-10T23:03:13","guid":{"rendered":"https:\/\/www.sudoestehoje.com.br\/novoportal\/?p=88919"},"modified":"2020-08-10T20:03:13","modified_gmt":"2020-08-10T23:03:13","slug":"vitoria-da-conquista-ja-registrou-3-350-casos-da-covid-19-com-78-obitos","status":"publish","type":"post","link":"https:\/\/www.sudoestehoje.com.br\/novoportal\/2020\/08\/10\/vitoria-da-conquista-ja-registrou-3-350-casos-da-covid-19-com-78-obitos\/","title":{"rendered":"VIT\u00d3RIA DA CONQUISTA J\u00c1 REGISTROU 3.350 CASOS DA COVID-19 COM 78 \u00d3BITOS"},"content":{"rendered":"<p><a href=\"https:\/\/www.sudoestehoje.com.br\/novoportal\/wp-content\/uploads\/2020\/08\/VCA.jpg\"><img loading=\"lazy\" decoding=\"async\" class=\"aligncenter size-medium wp-image-88921\" src=\"https:\/\/www.sudoestehoje.com.br\/novoportal\/wp-content\/uploads\/2020\/08\/VCA-500x311.jpg\" alt=\"\" width=\"500\" height=\"311\" srcset=\"https:\/\/www.sudoestehoje.com.br\/novoportal\/wp-content\/uploads\/2020\/08\/VCA-500x311.jpg 500w, https:\/\/www.sudoestehoje.com.br\/novoportal\/wp-content\/uploads\/2020\/08\/VCA-700x436.jpg 700w, https:\/\/www.sudoestehoje.com.br\/novoportal\/wp-content\/uploads\/2020\/08\/VCA-768x478.jpg 768w, https:\/\/www.sudoestehoje.com.br\/novoportal\/wp-content\/uploads\/2020\/08\/VCA.jpg 940w\" sizes=\"auto, (max-width: 500px) 100vw, 500px\" \/><\/a><\/p>\n<p>O Boletim epidemiol\u00f3gico divulgado pela Secretaria Municipal de Sa\u00fade registra o total de<strong> 78 mortes<\/strong> de moradores de Vit\u00f3ria da Conquista diagnosticados com Covid-19, com tr\u00eas \u00f3bitos confirmados nesta segunda-feira (10).<\/p>\n<p>At\u00e9 esta segunda (10), foram confirmados <strong>3.350 casos<\/strong> de pessoas que apresentaram diagn\u00f3stico positivo para Covid-19 em Conquista, com 2.665 delas j\u00e1 recuperadas da doen\u00e7a e 607 \u00a0em recupera\u00e7\u00e3o \u2013 42 internados e 565 em tratamento domiciliar.<\/p>\n<p><a href=\"https:\/\/www.sudoestehoje.com.br\/novoportal\/wp-content\/uploads\/2020\/08\/BOLETIM-CONQUISTA-10-AGOSTO.jpeg\"><img loading=\"lazy\" decoding=\"async\" class=\"aligncenter size-medium wp-image-88920\" src=\"https:\/\/www.sudoestehoje.com.br\/novoportal\/wp-content\/uploads\/2020\/08\/BOLETIM-CONQUISTA-10-AGOSTO-500x500.jpeg\" alt=\"\" width=\"500\" height=\"500\" srcset=\"https:\/\/www.sudoestehoje.com.br\/novoportal\/wp-content\/uploads\/2020\/08\/BOLETIM-CONQUISTA-10-AGOSTO-500x500.jpeg 500w, https:\/\/www.sudoestehoje.com.br\/novoportal\/wp-content\/uploads\/2020\/08\/BOLETIM-CONQUISTA-10-AGOSTO-150x150.jpeg 150w, https:\/\/www.sudoestehoje.com.br\/novoportal\/wp-content\/uploads\/2020\/08\/BOLETIM-CONQUISTA-10-AGOSTO.jpeg 680w\" sizes=\"auto, (max-width: 500px) 100vw, 500px\" \/><\/a><\/p>\n","protected":false},"excerpt":{"rendered":"<p>O Boletim epidemiol\u00f3gico divulgado pela Secretaria Municipal de Sa\u00fade registra o total de 78 mortes de moradores de Vit\u00f3ria da Conquista diagnosticados com Covid-19, com tr\u00eas \u00f3bitos confirmados nesta segunda-feira (10). At\u00e9 esta segunda (10), foram confirmados 3.350 casos de pessoas que apresentaram diagn\u00f3stico positivo para Covid-19 em Conquista, com 2.665 delas j\u00e1 recuperadas da [&hellip;]<\/p>\n","protected":false},"author":2,"featured_media":88921,"comment_status":"open","ping_status":"open","sticky":false,"template":"","format":"standard","meta":{"footnotes":"","_links_to":"","_links_to_target":""},"categories":[1],"tags":[],"class_list":["post-88919","post","type-post","status-publish","format-standard","has-post-thumbnail","hentry","category-geral"],"views":973,"_links":{"self":[{"href":"https:\/\/www.sudoestehoje.com.br\/novoportal\/wp-json\/wp\/v2\/posts\/88919","targetHints":{"allow":["GET"]}}],"collection":[{"href":"https:\/\/www.sudoestehoje.com.br\/novoportal\/wp-json\/wp\/v2\/posts"}],"about":[{"href":"https:\/\/www.sudoestehoje.com.br\/novoportal\/wp-json\/wp\/v2\/types\/post"}],"author":[{"embeddable":true,"href":"https:\/\/www.sudoestehoje.com.br\/novoportal\/wp-json\/wp\/v2\/users\/2"}],"replies":[{"embeddable":true,"href":"https:\/\/www.sudoestehoje.com.br\/novoportal\/wp-json\/wp\/v2\/comments?post=88919"}],"version-history":[{"count":1,"href":"https:\/\/www.sudoestehoje.com.br\/novoportal\/wp-json\/wp\/v2\/posts\/88919\/revisions"}],"predecessor-version":[{"id":88922,"href":"https:\/\/www.sudoestehoje.com.br\/novoportal\/wp-json\/wp\/v2\/posts\/88919\/revisions\/88922"}],"wp:featuredmedia":[{"embeddable":true,"href":"https:\/\/www.sudoestehoje.com.br\/novoportal\/wp-json\/wp\/v2\/media\/88921"}],"wp:attachment":[{"href":"https:\/\/www.sudoestehoje.com.br\/novoportal\/wp-json\/wp\/v2\/media?parent=88919"}],"wp:term":[{"taxonomy":"category","embeddable":true,"href":"https:\/\/www.sudoestehoje.com.br\/novoportal\/wp-json\/wp\/v2\/categories?post=88919"},{"taxonomy":"post_tag","embeddable":true,"href":"https:\/\/www.sudoestehoje.com.br\/novoportal\/wp-json\/wp\/v2\/tags?post=88919"}],"curies":[{"name":"wp","href":"https:\/\/api.w.org\/{rel}","templated":true}]}}