
{"id":88914,"date":"2020-08-10T19:42:44","date_gmt":"2020-08-10T22:42:44","guid":{"rendered":"https:\/\/www.sudoestehoje.com.br\/novoportal\/?p=88914"},"modified":"2020-08-10T19:42:44","modified_gmt":"2020-08-10T22:42:44","slug":"bahia-ultrapassa-4-mil-mortes-pela-covid-19-veja-as-6-cidades-com-mais-obitos","status":"publish","type":"post","link":"https:\/\/www.sudoestehoje.com.br\/novoportal\/2020\/08\/10\/bahia-ultrapassa-4-mil-mortes-pela-covid-19-veja-as-6-cidades-com-mais-obitos\/","title":{"rendered":"BAHIA ULTRAPASSA 4 MIL MORTES PELA COVID-19; VEJA AS 6 CIDADES COM MAIS \u00d3BITOS"},"content":{"rendered":"<p><a href=\"https:\/\/www.sudoestehoje.com.br\/novoportal\/wp-content\/uploads\/2020\/08\/MORTE-COVID.jpg\"><img loading=\"lazy\" decoding=\"async\" class=\"aligncenter size-medium wp-image-88917\" src=\"https:\/\/www.sudoestehoje.com.br\/novoportal\/wp-content\/uploads\/2020\/08\/MORTE-COVID-500x311.jpg\" alt=\"\" width=\"500\" height=\"311\" srcset=\"https:\/\/www.sudoestehoje.com.br\/novoportal\/wp-content\/uploads\/2020\/08\/MORTE-COVID-500x311.jpg 500w, https:\/\/www.sudoestehoje.com.br\/novoportal\/wp-content\/uploads\/2020\/08\/MORTE-COVID-700x436.jpg 700w, https:\/\/www.sudoestehoje.com.br\/novoportal\/wp-content\/uploads\/2020\/08\/MORTE-COVID-768x478.jpg 768w, https:\/\/www.sudoestehoje.com.br\/novoportal\/wp-content\/uploads\/2020\/08\/MORTE-COVID.jpg 940w\" sizes=\"auto, (max-width: 500px) 100vw, 500px\" \/><\/a><\/p>\n<p>A Bahia confirmou 1.068 novos casos de Covid-19 (taxa de crescimento de +0,6%), 58 \u00f3bitos (+1,5%) e 1.661 curados (+0,9%) nas \u00faltimas 24 horas, segundo a Secretaria Estadual de Sa\u00fade (Sesab). Dos 194.097 casos confirmados desde o in\u00edcio da pandemia, 176.948 j\u00e1 s\u00e3o considerados curados, 13.138 encontram-se ativos e <strong>4.011 tiveram \u00f3bito<\/strong> confirmado para coronav\u00edrus.<\/p>\n<p>Salvador chegou a 2.003 mortes em raz\u00e3o da Covid-19, nesta segunda-feira (10). Os dados divulgados pela Secretaria de Sa\u00fade da Bahia ainda registram que as mortes na cidade correspondem a mais da metade no estado.<\/p>\n<p>Feira de Santana \u00e9 a segunda cidade com mais mortes na Bahia com 138 registros. J\u00e1 Itabuna \u00e9 a terceira colocada com 134 \u00f3bitos ocasionados pelo novo coronav\u00edrus.<\/p>\n<p>Veja lista:<\/p>\n<p><a href=\"https:\/\/www.sudoestehoje.com.br\/novoportal\/wp-content\/uploads\/2020\/08\/lista-mortes-covid.png\"><img loading=\"lazy\" decoding=\"async\" class=\"aligncenter  wp-image-88915\" src=\"https:\/\/www.sudoestehoje.com.br\/novoportal\/wp-content\/uploads\/2020\/08\/lista-mortes-covid.png\" alt=\"\" width=\"501\" height=\"315\" \/><\/a><\/p>\n","protected":false},"excerpt":{"rendered":"<p>A Bahia confirmou 1.068 novos casos de Covid-19 (taxa de crescimento de +0,6%), 58 \u00f3bitos (+1,5%) e 1.661 curados (+0,9%) nas \u00faltimas 24 horas, segundo a Secretaria Estadual de Sa\u00fade (Sesab). Dos 194.097 casos confirmados desde o in\u00edcio da pandemia, 176.948 j\u00e1 s\u00e3o considerados curados, 13.138 encontram-se ativos e 4.011 tiveram \u00f3bito confirmado para coronav\u00edrus. [&hellip;]<\/p>\n","protected":false},"author":2,"featured_media":88917,"comment_status":"open","ping_status":"open","sticky":false,"template":"","format":"standard","meta":{"footnotes":"","_links_to":"","_links_to_target":""},"categories":[1],"tags":[],"class_list":["post-88914","post","type-post","status-publish","format-standard","has-post-thumbnail","hentry","category-geral"],"views":960,"_links":{"self":[{"href":"https:\/\/www.sudoestehoje.com.br\/novoportal\/wp-json\/wp\/v2\/posts\/88914","targetHints":{"allow":["GET"]}}],"collection":[{"href":"https:\/\/www.sudoestehoje.com.br\/novoportal\/wp-json\/wp\/v2\/posts"}],"about":[{"href":"https:\/\/www.sudoestehoje.com.br\/novoportal\/wp-json\/wp\/v2\/types\/post"}],"author":[{"embeddable":true,"href":"https:\/\/www.sudoestehoje.com.br\/novoportal\/wp-json\/wp\/v2\/users\/2"}],"replies":[{"embeddable":true,"href":"https:\/\/www.sudoestehoje.com.br\/novoportal\/wp-json\/wp\/v2\/comments?post=88914"}],"version-history":[{"count":2,"href":"https:\/\/www.sudoestehoje.com.br\/novoportal\/wp-json\/wp\/v2\/posts\/88914\/revisions"}],"predecessor-version":[{"id":88918,"href":"https:\/\/www.sudoestehoje.com.br\/novoportal\/wp-json\/wp\/v2\/posts\/88914\/revisions\/88918"}],"wp:featuredmedia":[{"embeddable":true,"href":"https:\/\/www.sudoestehoje.com.br\/novoportal\/wp-json\/wp\/v2\/media\/88917"}],"wp:attachment":[{"href":"https:\/\/www.sudoestehoje.com.br\/novoportal\/wp-json\/wp\/v2\/media?parent=88914"}],"wp:term":[{"taxonomy":"category","embeddable":true,"href":"https:\/\/www.sudoestehoje.com.br\/novoportal\/wp-json\/wp\/v2\/categories?post=88914"},{"taxonomy":"post_tag","embeddable":true,"href":"https:\/\/www.sudoestehoje.com.br\/novoportal\/wp-json\/wp\/v2\/tags?post=88914"}],"curies":[{"name":"wp","href":"https:\/\/api.w.org\/{rel}","templated":true}]}}