
{"id":8883,"date":"2011-09-19T19:06:02","date_gmt":"2011-09-19T22:06:02","guid":{"rendered":"http:\/\/www.sudoestehoje.com.br\/novoportal\/?p=8883"},"modified":"2011-09-19T19:06:02","modified_gmt":"2011-09-19T22:06:02","slug":"tre-ba-concede-registro-ao-psd","status":"publish","type":"post","link":"https:\/\/www.sudoestehoje.com.br\/novoportal\/2011\/09\/19\/tre-ba-concede-registro-ao-psd\/","title":{"rendered":"TRE-BA CONCEDE REGISTRO AO PSD"},"content":{"rendered":"<p style=\"text-align: center;\"><img decoding=\"async\" class=\"aligncenter\" src=\"http:\/\/www.pauloafonsonoticias.com.br\/media\/upload\/img_publicacoes\/%7B3C2A7EFE-840B-4ACC-B50A-019C588BCC14%7D_otto%20lan%C3%A7a%20psd.jpg\" alt=\"\" \/><\/p>\n<p style=\"text-align: center;\"><em><strong>Otto Alencar j\u00e1 pode comemorar o registro da nova legenda<\/strong><\/em><\/p>\n<p>O Tribunal Regional Eleitoral (TRE) da Bahia acaba de conceder o pedido de registro ao PSD, por unanimidade. A sess\u00e3o foi encerrada h\u00e1 pouco. O tribunal negou os pedidos de impugna\u00e7\u00e3o do PMDB, PTB e DEM no processo que teve como relator o juiz federal Luiz Salom\u00e3o Viana.<\/p>\n<p>O estado \u00e9 o 14\u00ba a reconhecer o PSD. A sess\u00e3o foi acompanhada por v\u00e1rios deputados estaduais e federais que pretendem se filiar \u00e0 legenda. Na Bahia, o PSD \u00e9 liderado pelo vice-governador Otto Alencar. Pimenta<\/p>\n","protected":false},"excerpt":{"rendered":"<p>Otto Alencar j\u00e1 pode comemorar o registro da nova legenda O Tribunal Regional Eleitoral (TRE) da Bahia acaba de conceder o pedido de registro ao PSD, por unanimidade. A sess\u00e3o foi encerrada h\u00e1 pouco. O tribunal negou os pedidos de impugna\u00e7\u00e3o do PMDB, PTB e DEM no processo que teve como relator o juiz federal [&hellip;]<\/p>\n","protected":false},"author":2,"featured_media":0,"comment_status":"open","ping_status":"open","sticky":false,"template":"","format":"standard","meta":{"footnotes":"","_links_to":"","_links_to_target":""},"categories":[1],"tags":[],"class_list":["post-8883","post","type-post","status-publish","format-standard","hentry","category-geral"],"views":1269,"_links":{"self":[{"href":"https:\/\/www.sudoestehoje.com.br\/novoportal\/wp-json\/wp\/v2\/posts\/8883","targetHints":{"allow":["GET"]}}],"collection":[{"href":"https:\/\/www.sudoestehoje.com.br\/novoportal\/wp-json\/wp\/v2\/posts"}],"about":[{"href":"https:\/\/www.sudoestehoje.com.br\/novoportal\/wp-json\/wp\/v2\/types\/post"}],"author":[{"embeddable":true,"href":"https:\/\/www.sudoestehoje.com.br\/novoportal\/wp-json\/wp\/v2\/users\/2"}],"replies":[{"embeddable":true,"href":"https:\/\/www.sudoestehoje.com.br\/novoportal\/wp-json\/wp\/v2\/comments?post=8883"}],"version-history":[{"count":1,"href":"https:\/\/www.sudoestehoje.com.br\/novoportal\/wp-json\/wp\/v2\/posts\/8883\/revisions"}],"predecessor-version":[{"id":8884,"href":"https:\/\/www.sudoestehoje.com.br\/novoportal\/wp-json\/wp\/v2\/posts\/8883\/revisions\/8884"}],"wp:attachment":[{"href":"https:\/\/www.sudoestehoje.com.br\/novoportal\/wp-json\/wp\/v2\/media?parent=8883"}],"wp:term":[{"taxonomy":"category","embeddable":true,"href":"https:\/\/www.sudoestehoje.com.br\/novoportal\/wp-json\/wp\/v2\/categories?post=8883"},{"taxonomy":"post_tag","embeddable":true,"href":"https:\/\/www.sudoestehoje.com.br\/novoportal\/wp-json\/wp\/v2\/tags?post=8883"}],"curies":[{"name":"wp","href":"https:\/\/api.w.org\/{rel}","templated":true}]}}