
{"id":88750,"date":"2020-08-04T19:18:30","date_gmt":"2020-08-04T22:18:30","guid":{"rendered":"https:\/\/www.sudoestehoje.com.br\/novoportal\/?p=88750"},"modified":"2020-08-04T19:55:33","modified_gmt":"2020-08-04T22:55:33","slug":"psd-realiza-live-nesta-quinta-com-os-pre-candidatos-carlos-brito-e-pr-rivelino","status":"publish","type":"post","link":"https:\/\/www.sudoestehoje.com.br\/novoportal\/2020\/08\/04\/psd-realiza-live-nesta-quinta-com-os-pre-candidatos-carlos-brito-e-pr-rivelino\/","title":{"rendered":"PSD REALIZA LIVE NESTA QUINTA COM OS PR\u00c9-CANDIDATOS CARLOS BRITO E PR. RIVELINO"},"content":{"rendered":"<p><a href=\"https:\/\/www.sudoestehoje.com.br\/novoportal\/wp-content\/uploads\/2020\/08\/live-psd-2-500x500-1-1.jpg\"><img loading=\"lazy\" decoding=\"async\" class=\"aligncenter size-full wp-image-88761\" src=\"https:\/\/www.sudoestehoje.com.br\/novoportal\/wp-content\/uploads\/2020\/08\/live-psd-2-500x500-1-1.jpg\" alt=\"\" width=\"500\" height=\"500\" srcset=\"https:\/\/www.sudoestehoje.com.br\/novoportal\/wp-content\/uploads\/2020\/08\/live-psd-2-500x500-1-1.jpg 500w, https:\/\/www.sudoestehoje.com.br\/novoportal\/wp-content\/uploads\/2020\/08\/live-psd-2-500x500-1-1-150x150.jpg 150w\" sizes=\"auto, (max-width: 500px) 100vw, 500px\" \/><\/a><\/p>\n<p>Os pr\u00e9-candidatos a vereador pelo PSD de Itapetinga,<strong> Carlos Brito e Pastor Rivelino<\/strong> participam, na pr\u00f3xima quinta-feira (6), ao lado de <strong>Alfredo Cabral<\/strong>, presidente municipal da legenda. A live ter\u00e1 in\u00edcio \u00e0s 19h.<\/p>\n<p>Alfredo Cabral conduz o PSD de Itapetinga com extrema habilidade e orienta os pr\u00e9-candidatos do seu partido para se posicionarem de forma adequada durante a pr\u00e9-campanha, para que obtenham boa vota\u00e7\u00e3o nas elei\u00e7\u00f5es municipais de 15 de Novembro, para forma\u00e7\u00e3o de uma bancada expressiva na C\u00e2mara de Vereadores.<\/p>\n<p>De acordo com Alfredo Cabral, o PSD de Itapetinga n\u00e3o apresentar\u00e1 candidato a prefeito nestas elei\u00e7\u00f5es.<\/p>\n<p><strong><em>Por Davi Ferraz<\/em><\/strong><\/p>\n","protected":false},"excerpt":{"rendered":"<p>Os pr\u00e9-candidatos a vereador pelo PSD de Itapetinga, Carlos Brito e Pastor Rivelino participam, na pr\u00f3xima quinta-feira (6), ao lado de Alfredo Cabral, presidente municipal da legenda. A live ter\u00e1 in\u00edcio \u00e0s 19h. Alfredo Cabral conduz o PSD de Itapetinga com extrema habilidade e orienta os pr\u00e9-candidatos do seu partido para se posicionarem de forma [&hellip;]<\/p>\n","protected":false},"author":2,"featured_media":88752,"comment_status":"open","ping_status":"open","sticky":false,"template":"","format":"standard","meta":{"footnotes":"","_links_to":"","_links_to_target":""},"categories":[1],"tags":[],"class_list":["post-88750","post","type-post","status-publish","format-standard","has-post-thumbnail","hentry","category-geral"],"views":887,"_links":{"self":[{"href":"https:\/\/www.sudoestehoje.com.br\/novoportal\/wp-json\/wp\/v2\/posts\/88750","targetHints":{"allow":["GET"]}}],"collection":[{"href":"https:\/\/www.sudoestehoje.com.br\/novoportal\/wp-json\/wp\/v2\/posts"}],"about":[{"href":"https:\/\/www.sudoestehoje.com.br\/novoportal\/wp-json\/wp\/v2\/types\/post"}],"author":[{"embeddable":true,"href":"https:\/\/www.sudoestehoje.com.br\/novoportal\/wp-json\/wp\/v2\/users\/2"}],"replies":[{"embeddable":true,"href":"https:\/\/www.sudoestehoje.com.br\/novoportal\/wp-json\/wp\/v2\/comments?post=88750"}],"version-history":[{"count":4,"href":"https:\/\/www.sudoestehoje.com.br\/novoportal\/wp-json\/wp\/v2\/posts\/88750\/revisions"}],"predecessor-version":[{"id":88762,"href":"https:\/\/www.sudoestehoje.com.br\/novoportal\/wp-json\/wp\/v2\/posts\/88750\/revisions\/88762"}],"wp:featuredmedia":[{"embeddable":true,"href":"https:\/\/www.sudoestehoje.com.br\/novoportal\/wp-json\/wp\/v2\/media\/88752"}],"wp:attachment":[{"href":"https:\/\/www.sudoestehoje.com.br\/novoportal\/wp-json\/wp\/v2\/media?parent=88750"}],"wp:term":[{"taxonomy":"category","embeddable":true,"href":"https:\/\/www.sudoestehoje.com.br\/novoportal\/wp-json\/wp\/v2\/categories?post=88750"},{"taxonomy":"post_tag","embeddable":true,"href":"https:\/\/www.sudoestehoje.com.br\/novoportal\/wp-json\/wp\/v2\/tags?post=88750"}],"curies":[{"name":"wp","href":"https:\/\/api.w.org\/{rel}","templated":true}]}}