
{"id":88622,"date":"2020-07-28T13:59:49","date_gmt":"2020-07-28T16:59:49","guid":{"rendered":"https:\/\/www.sudoestehoje.com.br\/novoportal\/?p=88622"},"modified":"2020-07-28T13:59:49","modified_gmt":"2020-07-28T16:59:49","slug":"eleicoes-2020-psd-vai-promover-live-com-pre-candidatos-a-vereador","status":"publish","type":"post","link":"https:\/\/www.sudoestehoje.com.br\/novoportal\/2020\/07\/28\/eleicoes-2020-psd-vai-promover-live-com-pre-candidatos-a-vereador\/","title":{"rendered":"ELEI\u00c7\u00d5ES 2020: PSD VAI PROMOVER LIVE COM PR\u00c9-CANDIDATOS A VEREADOR"},"content":{"rendered":"<p><a href=\"https:\/\/www.sudoestehoje.com.br\/novoportal\/wp-content\/uploads\/2020\/07\/LIVE-PSD-1.jpeg\"><img loading=\"lazy\" decoding=\"async\" class=\"aligncenter size-medium wp-image-88625\" src=\"https:\/\/www.sudoestehoje.com.br\/novoportal\/wp-content\/uploads\/2020\/07\/LIVE-PSD-1-500x500.jpeg\" alt=\"\" width=\"500\" height=\"500\" srcset=\"https:\/\/www.sudoestehoje.com.br\/novoportal\/wp-content\/uploads\/2020\/07\/LIVE-PSD-1-500x500.jpeg 500w, https:\/\/www.sudoestehoje.com.br\/novoportal\/wp-content\/uploads\/2020\/07\/LIVE-PSD-1-700x700.jpeg 700w, https:\/\/www.sudoestehoje.com.br\/novoportal\/wp-content\/uploads\/2020\/07\/LIVE-PSD-1-150x150.jpeg 150w, https:\/\/www.sudoestehoje.com.br\/novoportal\/wp-content\/uploads\/2020\/07\/LIVE-PSD-1-768x768.jpeg 768w, https:\/\/www.sudoestehoje.com.br\/novoportal\/wp-content\/uploads\/2020\/07\/LIVE-PSD-1.jpeg 1080w\" sizes=\"auto, (max-width: 500px) 100vw, 500px\" \/><\/a><\/p>\n<p>O PSD-Partido Social Democr\u00e1tico de Itapetinga, atrav\u00e9s do Presidente do Diret\u00f3rio Municipal ALFREDO CABRAL DE ASSIS, vai iniciar suas Live para apresenta\u00e7\u00e3o dos pr\u00e9-candidatos a vereador pelo munic\u00edpio de Itapetinga.<\/p>\n<p>A ideia inicial \u00e9 que sejam as quintas-feiras.<\/p>\n<p>No pr\u00f3ximo dia 30 (quinta-feira), \u00e0s 19h, ser\u00e1 realizada a primeira Live com o pr\u00e9-candidato a vereador <strong>FABRICIO OLIVEIRA.<\/strong><\/p>\n<p><strong>Assista no Instagran <a href=\"http:\/\/alfredo\">@alfredocabraldeassis<\/a><\/strong><\/p>\n","protected":false},"excerpt":{"rendered":"<p>O PSD-Partido Social Democr\u00e1tico de Itapetinga, atrav\u00e9s do Presidente do Diret\u00f3rio Municipal ALFREDO CABRAL DE ASSIS, vai iniciar suas Live para apresenta\u00e7\u00e3o dos pr\u00e9-candidatos a vereador pelo munic\u00edpio de Itapetinga. A ideia inicial \u00e9 que sejam as quintas-feiras. No pr\u00f3ximo dia 30 (quinta-feira), \u00e0s 19h, ser\u00e1 realizada a primeira Live com o pr\u00e9-candidato a vereador [&hellip;]<\/p>\n","protected":false},"author":2,"featured_media":88625,"comment_status":"open","ping_status":"open","sticky":false,"template":"","format":"standard","meta":{"footnotes":"","_links_to":"","_links_to_target":""},"categories":[1],"tags":[],"class_list":["post-88622","post","type-post","status-publish","format-standard","has-post-thumbnail","hentry","category-geral"],"views":1472,"_links":{"self":[{"href":"https:\/\/www.sudoestehoje.com.br\/novoportal\/wp-json\/wp\/v2\/posts\/88622","targetHints":{"allow":["GET"]}}],"collection":[{"href":"https:\/\/www.sudoestehoje.com.br\/novoportal\/wp-json\/wp\/v2\/posts"}],"about":[{"href":"https:\/\/www.sudoestehoje.com.br\/novoportal\/wp-json\/wp\/v2\/types\/post"}],"author":[{"embeddable":true,"href":"https:\/\/www.sudoestehoje.com.br\/novoportal\/wp-json\/wp\/v2\/users\/2"}],"replies":[{"embeddable":true,"href":"https:\/\/www.sudoestehoje.com.br\/novoportal\/wp-json\/wp\/v2\/comments?post=88622"}],"version-history":[{"count":4,"href":"https:\/\/www.sudoestehoje.com.br\/novoportal\/wp-json\/wp\/v2\/posts\/88622\/revisions"}],"predecessor-version":[{"id":88627,"href":"https:\/\/www.sudoestehoje.com.br\/novoportal\/wp-json\/wp\/v2\/posts\/88622\/revisions\/88627"}],"wp:featuredmedia":[{"embeddable":true,"href":"https:\/\/www.sudoestehoje.com.br\/novoportal\/wp-json\/wp\/v2\/media\/88625"}],"wp:attachment":[{"href":"https:\/\/www.sudoestehoje.com.br\/novoportal\/wp-json\/wp\/v2\/media?parent=88622"}],"wp:term":[{"taxonomy":"category","embeddable":true,"href":"https:\/\/www.sudoestehoje.com.br\/novoportal\/wp-json\/wp\/v2\/categories?post=88622"},{"taxonomy":"post_tag","embeddable":true,"href":"https:\/\/www.sudoestehoje.com.br\/novoportal\/wp-json\/wp\/v2\/tags?post=88622"}],"curies":[{"name":"wp","href":"https:\/\/api.w.org\/{rel}","templated":true}]}}