
{"id":88614,"date":"2020-07-27T21:06:03","date_gmt":"2020-07-28T00:06:03","guid":{"rendered":"https:\/\/www.sudoestehoje.com.br\/novoportal\/?p=88614"},"modified":"2020-07-27T21:07:35","modified_gmt":"2020-07-28T00:07:35","slug":"teixeira-de-freitas-moradores-desenterram-em-aterro-sanitario-carne-com-creolina-apreendida-pela-adab","status":"publish","type":"post","link":"https:\/\/www.sudoestehoje.com.br\/novoportal\/2020\/07\/27\/teixeira-de-freitas-moradores-desenterram-em-aterro-sanitario-carne-com-creolina-apreendida-pela-adab\/","title":{"rendered":"TEIXEIRA DE FREITAS: MORADORES DESENTERRAM EM ATERRO SANIT\u00c1RIO CARNE COM CREOLINA APREENDIDA PELA ADAB"},"content":{"rendered":"<p><a href=\"https:\/\/www.sudoestehoje.com.br\/novoportal\/wp-content\/uploads\/2020\/07\/carne-1.jpg\"><img loading=\"lazy\" decoding=\"async\" class=\"aligncenter size-medium wp-image-88615\" src=\"https:\/\/www.sudoestehoje.com.br\/novoportal\/wp-content\/uploads\/2020\/07\/carne-1-500x281.jpg\" alt=\"\" width=\"500\" height=\"281\" srcset=\"https:\/\/www.sudoestehoje.com.br\/novoportal\/wp-content\/uploads\/2020\/07\/carne-1-500x281.jpg 500w, https:\/\/www.sudoestehoje.com.br\/novoportal\/wp-content\/uploads\/2020\/07\/carne-1-700x393.jpg 700w, https:\/\/www.sudoestehoje.com.br\/novoportal\/wp-content\/uploads\/2020\/07\/carne-1-768x431.jpg 768w, https:\/\/www.sudoestehoje.com.br\/novoportal\/wp-content\/uploads\/2020\/07\/carne-1.jpg 890w\" sizes=\"auto, (max-width: 500px) 100vw, 500px\" \/><\/a><\/p>\n<p>Moradores de Teixeira de Freitas, no extremo sul da Bahia, desenterraram uma carga de carne impr\u00f3pria para consumo no aterro sanit\u00e1rio da cidade. O produto clandestino havia sido enterrado por fiscais da Ag\u00eancia de Defesa Agropecu\u00e1ria da Bahia (Adab) na sexta-feira (24).<\/p>\n<p>Em um v\u00eddeo publicado pelo site &#8216;Sul Bahia News&#8217;, \u00e9 poss\u00edvel ver um grupo de pessoas desenterrando as carca\u00e7as bovinas. De acordo com a publica\u00e7\u00e3o, uma mulher que n\u00e3o quis se identificar, contou que o local \u00e9 a fonte de alimenta\u00e7\u00e3o de diversas fam\u00edlias do munic\u00edpio.<\/p>\n<p><a href=\"https:\/\/www.sudoestehoje.com.br\/novoportal\/wp-content\/uploads\/2020\/07\/carne-2.jpg\"><img loading=\"lazy\" decoding=\"async\" class=\"aligncenter size-medium wp-image-88616\" src=\"https:\/\/www.sudoestehoje.com.br\/novoportal\/wp-content\/uploads\/2020\/07\/carne-2-500x304.jpg\" alt=\"\" width=\"500\" height=\"304\" srcset=\"https:\/\/www.sudoestehoje.com.br\/novoportal\/wp-content\/uploads\/2020\/07\/carne-2-500x304.jpg 500w, https:\/\/www.sudoestehoje.com.br\/novoportal\/wp-content\/uploads\/2020\/07\/carne-2-700x426.jpg 700w, https:\/\/www.sudoestehoje.com.br\/novoportal\/wp-content\/uploads\/2020\/07\/carne-2.jpg 732w\" sizes=\"auto, (max-width: 500px) 100vw, 500px\" \/><\/a><\/p>\n<p>Segundo Maur\u00edcio Bacelar, diretor da Adab, a carga de 20 carca\u00e7as bovinas foi apreendida nas barreiras itinerantes instaladas no munic\u00edpio porque n\u00e3o tinha proced\u00eancia comprovada nem documenta\u00e7\u00e3o fiscal.<\/p>\n<p><em>&#8220;O produto estava sendo transportado de maneira inadequada e sem refrigera\u00e7\u00e3o. No ato da apreens\u00e3o, as carca\u00e7as estavam em p\u00e9ssimas condi\u00e7\u00f5es de acondicionamento, sem nenhum sistema de refrigera\u00e7\u00e3o, apresentando alta temperatura, muito al\u00e9m dos 7\u00baC regulamentados pela legisla\u00e7\u00e3o sanit\u00e1ria, em estado de putrefa\u00e7\u00e3o e n\u00e3o foi apresentando nenhum documento que identificasse a origem do produto\u201d<\/em>, explica. <strong><em>Confira v\u00eddeo:<\/em><\/strong><\/p>\n<p><iframe loading=\"lazy\" title=\"Cen\u00e1rio de mis\u00e9ria - v\u00eddeo mostra teixeirenses desenterrando carne clandestina em aterro sanit\u00e1rio\" width=\"500\" height=\"281\" src=\"https:\/\/www.youtube.com\/embed\/JxCSa5o5C5A?start=4&#038;feature=oembed\" frameborder=\"0\" allow=\"accelerometer; autoplay; clipboard-write; encrypted-media; gyroscope; picture-in-picture; web-share\" referrerpolicy=\"strict-origin-when-cross-origin\" allowfullscreen><\/iframe><\/p>\n<p>Ele diz ainda, que muito provavelmente, as pessoas que aparecem na filmagem desenterrando a carga, n\u00e3o consumiram o produto.<em> &#8220;Quando essas pessoas chegaram em casa se frustraram. Pela quantidade de <strong>creolina<\/strong> usada, se elas consumissem, com certeza \u00a0teriam se intoxicado e os hospitais da regi\u00e3o estariam cheios&#8221;<\/em>, salienta o diretor que repudiou o v\u00eddeo, segundo ele, utilizado de forma pol\u00edtica.<\/p>\n","protected":false},"excerpt":{"rendered":"<p>Moradores de Teixeira de Freitas, no extremo sul da Bahia, desenterraram uma carga de carne impr\u00f3pria para consumo no aterro sanit\u00e1rio da cidade. O produto clandestino havia sido enterrado por fiscais da Ag\u00eancia de Defesa Agropecu\u00e1ria da Bahia (Adab) na sexta-feira (24). Em um v\u00eddeo publicado pelo site &#8216;Sul Bahia News&#8217;, \u00e9 poss\u00edvel ver um [&hellip;]<\/p>\n","protected":false},"author":2,"featured_media":88615,"comment_status":"open","ping_status":"open","sticky":false,"template":"","format":"standard","meta":{"footnotes":"","_links_to":"","_links_to_target":""},"categories":[1],"tags":[],"class_list":["post-88614","post","type-post","status-publish","format-standard","has-post-thumbnail","hentry","category-geral"],"views":1607,"_links":{"self":[{"href":"https:\/\/www.sudoestehoje.com.br\/novoportal\/wp-json\/wp\/v2\/posts\/88614","targetHints":{"allow":["GET"]}}],"collection":[{"href":"https:\/\/www.sudoestehoje.com.br\/novoportal\/wp-json\/wp\/v2\/posts"}],"about":[{"href":"https:\/\/www.sudoestehoje.com.br\/novoportal\/wp-json\/wp\/v2\/types\/post"}],"author":[{"embeddable":true,"href":"https:\/\/www.sudoestehoje.com.br\/novoportal\/wp-json\/wp\/v2\/users\/2"}],"replies":[{"embeddable":true,"href":"https:\/\/www.sudoestehoje.com.br\/novoportal\/wp-json\/wp\/v2\/comments?post=88614"}],"version-history":[{"count":5,"href":"https:\/\/www.sudoestehoje.com.br\/novoportal\/wp-json\/wp\/v2\/posts\/88614\/revisions"}],"predecessor-version":[{"id":88621,"href":"https:\/\/www.sudoestehoje.com.br\/novoportal\/wp-json\/wp\/v2\/posts\/88614\/revisions\/88621"}],"wp:featuredmedia":[{"embeddable":true,"href":"https:\/\/www.sudoestehoje.com.br\/novoportal\/wp-json\/wp\/v2\/media\/88615"}],"wp:attachment":[{"href":"https:\/\/www.sudoestehoje.com.br\/novoportal\/wp-json\/wp\/v2\/media?parent=88614"}],"wp:term":[{"taxonomy":"category","embeddable":true,"href":"https:\/\/www.sudoestehoje.com.br\/novoportal\/wp-json\/wp\/v2\/categories?post=88614"},{"taxonomy":"post_tag","embeddable":true,"href":"https:\/\/www.sudoestehoje.com.br\/novoportal\/wp-json\/wp\/v2\/tags?post=88614"}],"curies":[{"name":"wp","href":"https:\/\/api.w.org\/{rel}","templated":true}]}}