
{"id":88592,"date":"2020-07-26T21:44:48","date_gmt":"2020-07-27T00:44:48","guid":{"rendered":"https:\/\/www.sudoestehoje.com.br\/novoportal\/?p=88592"},"modified":"2020-07-26T21:44:48","modified_gmt":"2020-07-27T00:44:48","slug":"toque-de-recolher-comeca-a-vigorar-em-22-cidades-a-partir-deste-domingo","status":"publish","type":"post","link":"https:\/\/www.sudoestehoje.com.br\/novoportal\/2020\/07\/26\/toque-de-recolher-comeca-a-vigorar-em-22-cidades-a-partir-deste-domingo\/","title":{"rendered":"TOQUE DE RECOLHER COME\u00c7A A VIGORAR EM 22 CIDADES A PARTIR DESTE DOMINGO"},"content":{"rendered":"<p><a href=\"https:\/\/www.sudoestehoje.com.br\/novoportal\/wp-content\/uploads\/2020\/07\/TOQUE-JUAZEIRO.jpg\"><img loading=\"lazy\" decoding=\"async\" class=\"aligncenter size-medium wp-image-88593\" src=\"https:\/\/www.sudoestehoje.com.br\/novoportal\/wp-content\/uploads\/2020\/07\/TOQUE-JUAZEIRO-500x333.jpg\" alt=\"\" width=\"500\" height=\"333\" srcset=\"https:\/\/www.sudoestehoje.com.br\/novoportal\/wp-content\/uploads\/2020\/07\/TOQUE-JUAZEIRO-500x333.jpg 500w, https:\/\/www.sudoestehoje.com.br\/novoportal\/wp-content\/uploads\/2020\/07\/TOQUE-JUAZEIRO-700x467.jpg 700w, https:\/\/www.sudoestehoje.com.br\/novoportal\/wp-content\/uploads\/2020\/07\/TOQUE-JUAZEIRO.jpg 768w\" sizes=\"auto, (max-width: 500px) 100vw, 500px\" \/><\/a><\/p>\n<p>Mais 22 cidades baianas ter\u00e3o toque de recolher a partir de hoje, domingo. A medida passa a vigorar em Am\u00e9rica Dourada, Barra do Mendes, Barro Alto, Bonito, Cafarnaum, Canarana, Central, Gentio do Ouro, Ibipeba, Ibitit\u00e1, Irec\u00ea, Itagua\u00e7u da Bahia, Jo\u00e3o Dourado, Jussara, Lap\u00e3o, Morro do Chap\u00e9u, Mulungu do Morro, Presidente Dutra, Presidente J\u00e2nio Quadros, S\u00e3o Gabriel, Tapiramut\u00e1 e Uiba\u00ed, de acordo com publica\u00e7\u00e3o que feita ontem no Di\u00e1rio Oficial do Estado (DOE).<\/p>\n<p>Fica estabelecida, das 18h \u00e0s 5h, a restri\u00e7\u00e3o de locomo\u00e7\u00e3o noturna, vedados a qualquer indiv\u00edduo a perman\u00eancia e o tr\u00e2nsito em vias, equipamentos, locais e pra\u00e7as p\u00fablicas. A medida adotada pelo Governo do Estado nessas cidades tem validade at\u00e9 2 de agosto e visa conter o avan\u00e7o da contamina\u00e7\u00e3o pelo novo coronav\u00edrus no interior da Bahia.<\/p>\n<p>Tamb\u00e9m nessas 22 cidades fica autorizado, das 5h \u00e0s 16h, somente o funcionamento dos servi\u00e7os essenciais e, em especial, as atividades relacionadas ao enfrentamento da pandemia, o transporte e o servi\u00e7o de entrega de medicamentos e demais insumos necess\u00e1rios para manuten\u00e7\u00e3o das atividades de sa\u00fade, as obras em hospitais e a constru\u00e7\u00e3o de unidades de sa\u00fade.<\/p>\n<p>Durante os hor\u00e1rios de restri\u00e7\u00e3o, est\u00e3o autorizados, excepcionalmente, os servi\u00e7os necess\u00e1rios ao funcionamento das ind\u00fastrias e centros de distribui\u00e7\u00e3o e o deslocamento dos seus trabalhadores e colaboradores.<\/p>\n<p><strong>Toque de recolher em outros 23 munic\u00edpios<\/strong><\/p>\n<p>Neste momento, outras 23 cidades baianas est\u00e3o com toque de recolher em vigor. Com decreto v\u00e1lido at\u00e9 o domingo (26), a restri\u00e7\u00e3o inclui Cama\u00e7ari, Candeias, Dias d\u2019\u00c1vila, Itaparica, Lauro de Freitas, Madre de Deus, S\u00e3o Francisco do Conde, S\u00e3o Sebasti\u00e3o do Pass\u00e9, Sim\u00f5es Filho, Mata de S\u00e3o Jo\u00e3o, Pojuca, Ibirataia, Conde e Terra Nova.<\/p>\n<p>Em Juazeiro, Cachoeira, Coribe, Correntina, Po\u00e7\u00f5es, Santa Maria da Vit\u00f3ria e S\u00e3o F\u00e9lix, decreto estadual estabelece a restri\u00e7\u00e3o de locomo\u00e7\u00e3o noturna at\u00e9 o dia 29 de julho. J\u00e1 em Cocos e Feira da Mata, a medida do Governo do Estado est\u00e1 vigorando at\u00e9 30 de julho.<\/p>\n<p>Todas as medidas adotadas nessas 55 cidades est\u00e3o em conformidade com as condi\u00e7\u00f5es estabelecidas nos respectivos decretos municipais.<\/p>\n","protected":false},"excerpt":{"rendered":"<p>Mais 22 cidades baianas ter\u00e3o toque de recolher a partir de hoje, domingo. A medida passa a vigorar em Am\u00e9rica Dourada, Barra do Mendes, Barro Alto, Bonito, Cafarnaum, Canarana, Central, Gentio do Ouro, Ibipeba, Ibitit\u00e1, Irec\u00ea, Itagua\u00e7u da Bahia, Jo\u00e3o Dourado, Jussara, Lap\u00e3o, Morro do Chap\u00e9u, Mulungu do Morro, Presidente Dutra, Presidente J\u00e2nio Quadros, S\u00e3o [&hellip;]<\/p>\n","protected":false},"author":2,"featured_media":88593,"comment_status":"open","ping_status":"open","sticky":false,"template":"","format":"standard","meta":{"footnotes":"","_links_to":"","_links_to_target":""},"categories":[1],"tags":[],"class_list":["post-88592","post","type-post","status-publish","format-standard","has-post-thumbnail","hentry","category-geral"],"views":1434,"_links":{"self":[{"href":"https:\/\/www.sudoestehoje.com.br\/novoportal\/wp-json\/wp\/v2\/posts\/88592","targetHints":{"allow":["GET"]}}],"collection":[{"href":"https:\/\/www.sudoestehoje.com.br\/novoportal\/wp-json\/wp\/v2\/posts"}],"about":[{"href":"https:\/\/www.sudoestehoje.com.br\/novoportal\/wp-json\/wp\/v2\/types\/post"}],"author":[{"embeddable":true,"href":"https:\/\/www.sudoestehoje.com.br\/novoportal\/wp-json\/wp\/v2\/users\/2"}],"replies":[{"embeddable":true,"href":"https:\/\/www.sudoestehoje.com.br\/novoportal\/wp-json\/wp\/v2\/comments?post=88592"}],"version-history":[{"count":2,"href":"https:\/\/www.sudoestehoje.com.br\/novoportal\/wp-json\/wp\/v2\/posts\/88592\/revisions"}],"predecessor-version":[{"id":88595,"href":"https:\/\/www.sudoestehoje.com.br\/novoportal\/wp-json\/wp\/v2\/posts\/88592\/revisions\/88595"}],"wp:featuredmedia":[{"embeddable":true,"href":"https:\/\/www.sudoestehoje.com.br\/novoportal\/wp-json\/wp\/v2\/media\/88593"}],"wp:attachment":[{"href":"https:\/\/www.sudoestehoje.com.br\/novoportal\/wp-json\/wp\/v2\/media?parent=88592"}],"wp:term":[{"taxonomy":"category","embeddable":true,"href":"https:\/\/www.sudoestehoje.com.br\/novoportal\/wp-json\/wp\/v2\/categories?post=88592"},{"taxonomy":"post_tag","embeddable":true,"href":"https:\/\/www.sudoestehoje.com.br\/novoportal\/wp-json\/wp\/v2\/tags?post=88592"}],"curies":[{"name":"wp","href":"https:\/\/api.w.org\/{rel}","templated":true}]}}