
{"id":88587,"date":"2020-07-26T20:45:15","date_gmt":"2020-07-26T23:45:15","guid":{"rendered":"https:\/\/www.sudoestehoje.com.br\/novoportal\/?p=88587"},"modified":"2020-07-26T20:45:15","modified_gmt":"2020-07-26T23:45:15","slug":"itapetinga-moradores-do-recanto-da-colina-incomodados-com-vizinho-inconsequente-lixo-e-perturbacao-da-ordem-publica-vindos-do-imovel-em-que-residia-o-ex-prefeito","status":"publish","type":"post","link":"https:\/\/www.sudoestehoje.com.br\/novoportal\/2020\/07\/26\/itapetinga-moradores-do-recanto-da-colina-incomodados-com-vizinho-inconsequente-lixo-e-perturbacao-da-ordem-publica-vindos-do-imovel-em-que-residia-o-ex-prefeito\/","title":{"rendered":"ITAPETINGA: MORADORES DO RECANTO DA COLINA INCOMODADOS COM VIZINHO INCONSEQUENTE; LIXO E PERTURBA\u00c7\u00c3O DA ORDEM P\u00daBLICA VINDOS DO IM\u00d3VEL EM QUE RESIDIA O EX-PREFEITO"},"content":{"rendered":"<p><a href=\"https:\/\/www.sudoestehoje.com.br\/novoportal\/wp-content\/uploads\/2020\/07\/lixo-recanto.jpeg\"><img loading=\"lazy\" decoding=\"async\" class=\"aligncenter size-medium wp-image-88590\" src=\"https:\/\/www.sudoestehoje.com.br\/novoportal\/wp-content\/uploads\/2020\/07\/lixo-recanto-500x281.jpeg\" alt=\"\" width=\"500\" height=\"281\" srcset=\"https:\/\/www.sudoestehoje.com.br\/novoportal\/wp-content\/uploads\/2020\/07\/lixo-recanto-500x281.jpeg 500w, https:\/\/www.sudoestehoje.com.br\/novoportal\/wp-content\/uploads\/2020\/07\/lixo-recanto-700x394.jpeg 700w, https:\/\/www.sudoestehoje.com.br\/novoportal\/wp-content\/uploads\/2020\/07\/lixo-recanto-768x432.jpeg 768w, https:\/\/www.sudoestehoje.com.br\/novoportal\/wp-content\/uploads\/2020\/07\/lixo-recanto.jpeg 1024w\" sizes=\"auto, (max-width: 500px) 100vw, 500px\" \/><\/a><\/p>\n<p>Nossa reda\u00e7\u00e3o foi procurada por um grupo de moradores do bairro Recanto da Colina, dando conta de que os mais novos locat\u00e1rios do im\u00f3vel pertencente ao ex-prefeito da cidade est\u00e1 em constante a\u00e7\u00e3o de perturba\u00e7\u00e3o da ordem p\u00fablica. \u201cO barulho \u00e9 imenso, vara a madrugada e desrespeita at\u00e9 o Decreto Municipal\u201d, disse um dos moradores. \u201ca lateral desse im\u00f3vel j\u00e1 virou um lix\u00e3o. A prefeitura limpa e o cara suja novamente\u201d, disse outro.<\/p>\n<p>Um dos moradores informou que um monte lixo foi retirado pela Prefeitura no in\u00edcio da semana e dois dias depois os \u201cvizinhos\u201d sujaram a \u00e1rea novamente. Esse mesmo morador disse que um abaixo assinado est\u00e1 sendo feito e que o caso ser\u00e1 levado \u00e0 Promotoria P\u00fablica e a outros \u00f3rg\u00e3os competentes.<\/p>\n<p>Creio que seria mais pr\u00e1tico esse novo morador do bairro rever suas atitudes e praticar a pol\u00edtica da boa vizinhan\u00e7a, para que todos vivam num Recanto de paz.<\/p>\n<p><strong><em>Blog Fala Meu Ilustre \/ Maur\u00edcio Gomes<\/em><\/strong><\/p>\n","protected":false},"excerpt":{"rendered":"<p>Nossa reda\u00e7\u00e3o foi procurada por um grupo de moradores do bairro Recanto da Colina, dando conta de que os mais novos locat\u00e1rios do im\u00f3vel pertencente ao ex-prefeito da cidade est\u00e1 em constante a\u00e7\u00e3o de perturba\u00e7\u00e3o da ordem p\u00fablica. \u201cO barulho \u00e9 imenso, vara a madrugada e desrespeita at\u00e9 o Decreto Municipal\u201d, disse um dos moradores. [&hellip;]<\/p>\n","protected":false},"author":2,"featured_media":88590,"comment_status":"open","ping_status":"open","sticky":false,"template":"","format":"standard","meta":{"footnotes":"","_links_to":"","_links_to_target":""},"categories":[1],"tags":[],"class_list":["post-88587","post","type-post","status-publish","format-standard","has-post-thumbnail","hentry","category-geral"],"views":1294,"_links":{"self":[{"href":"https:\/\/www.sudoestehoje.com.br\/novoportal\/wp-json\/wp\/v2\/posts\/88587","targetHints":{"allow":["GET"]}}],"collection":[{"href":"https:\/\/www.sudoestehoje.com.br\/novoportal\/wp-json\/wp\/v2\/posts"}],"about":[{"href":"https:\/\/www.sudoestehoje.com.br\/novoportal\/wp-json\/wp\/v2\/types\/post"}],"author":[{"embeddable":true,"href":"https:\/\/www.sudoestehoje.com.br\/novoportal\/wp-json\/wp\/v2\/users\/2"}],"replies":[{"embeddable":true,"href":"https:\/\/www.sudoestehoje.com.br\/novoportal\/wp-json\/wp\/v2\/comments?post=88587"}],"version-history":[{"count":3,"href":"https:\/\/www.sudoestehoje.com.br\/novoportal\/wp-json\/wp\/v2\/posts\/88587\/revisions"}],"predecessor-version":[{"id":88591,"href":"https:\/\/www.sudoestehoje.com.br\/novoportal\/wp-json\/wp\/v2\/posts\/88587\/revisions\/88591"}],"wp:featuredmedia":[{"embeddable":true,"href":"https:\/\/www.sudoestehoje.com.br\/novoportal\/wp-json\/wp\/v2\/media\/88590"}],"wp:attachment":[{"href":"https:\/\/www.sudoestehoje.com.br\/novoportal\/wp-json\/wp\/v2\/media?parent=88587"}],"wp:term":[{"taxonomy":"category","embeddable":true,"href":"https:\/\/www.sudoestehoje.com.br\/novoportal\/wp-json\/wp\/v2\/categories?post=88587"},{"taxonomy":"post_tag","embeddable":true,"href":"https:\/\/www.sudoestehoje.com.br\/novoportal\/wp-json\/wp\/v2\/tags?post=88587"}],"curies":[{"name":"wp","href":"https:\/\/api.w.org\/{rel}","templated":true}]}}