
{"id":88582,"date":"2020-07-26T19:39:40","date_gmt":"2020-07-26T22:39:40","guid":{"rendered":"https:\/\/www.sudoestehoje.com.br\/novoportal\/?p=88582"},"modified":"2020-07-26T19:39:40","modified_gmt":"2020-07-26T22:39:40","slug":"itapetinga-morador-de-bandeira-morre-em-colisao-de-veiculos-proximo-a-itororo","status":"publish","type":"post","link":"https:\/\/www.sudoestehoje.com.br\/novoportal\/2020\/07\/26\/itapetinga-morador-de-bandeira-morre-em-colisao-de-veiculos-proximo-a-itororo\/","title":{"rendered":"ITAPETINGA: MORADOR DE BANDEIRA MORRE EM COLIS\u00c3O DE VE\u00cdCULOS PR\u00d3XIMO A ITOROR\u00d3"},"content":{"rendered":"<p><a href=\"https:\/\/www.sudoestehoje.com.br\/novoportal\/wp-content\/uploads\/2020\/07\/ACIDENTE-MORADOR-BANDEIRA.jpg\"><img loading=\"lazy\" decoding=\"async\" class=\"aligncenter size-full wp-image-88584\" src=\"https:\/\/www.sudoestehoje.com.br\/novoportal\/wp-content\/uploads\/2020\/07\/ACIDENTE-MORADOR-BANDEIRA.jpg\" alt=\"\" width=\"500\" height=\"500\" srcset=\"https:\/\/www.sudoestehoje.com.br\/novoportal\/wp-content\/uploads\/2020\/07\/ACIDENTE-MORADOR-BANDEIRA.jpg 500w, https:\/\/www.sudoestehoje.com.br\/novoportal\/wp-content\/uploads\/2020\/07\/ACIDENTE-MORADOR-BANDEIRA-150x150.jpg 150w\" sizes=\"auto, (max-width: 500px) 100vw, 500px\" \/><\/a><\/p>\n<p>Um grave acidente ocorrido no final da tarde deste domingo (26), na BA 263, entre Itoror\u00f3 e Itapetinga deixou uma v\u00edtima fatal e outro jovem ferido com gravidade.<\/p>\n<p>A v\u00edtima fatal foi identificada como Thiago Alves, era morador do distrito de Bandeira do Col\u00f4nia e funcion\u00e1rio do Mercadinho J\u00falia em Itoror\u00f3. O jovem que ficou ferido e foi removido pelo SAMU de Itoror\u00f3 para o HCR em Itapetinga, foi identificado como Bruno Alves.<\/p>\n<p>O ve\u00edculo em que os dois estavam, um Fiat P\u00e1lio, colidiu frontalmente com uma Fiat Strada de Itapetinga, no trecho pr\u00f3ximo ao Calc\u00e1rio Deil. <em>\/\/\u00a0Blog Itoror\u00f3 J\u00e1 \u00a0<\/em><\/p>\n","protected":false},"excerpt":{"rendered":"<p>Um grave acidente ocorrido no final da tarde deste domingo (26), na BA 263, entre Itoror\u00f3 e Itapetinga deixou uma v\u00edtima fatal e outro jovem ferido com gravidade. A v\u00edtima fatal foi identificada como Thiago Alves, era morador do distrito de Bandeira do Col\u00f4nia e funcion\u00e1rio do Mercadinho J\u00falia em Itoror\u00f3. O jovem que ficou [&hellip;]<\/p>\n","protected":false},"author":2,"featured_media":88584,"comment_status":"open","ping_status":"open","sticky":false,"template":"","format":"standard","meta":{"footnotes":"","_links_to":"","_links_to_target":""},"categories":[1],"tags":[],"class_list":["post-88582","post","type-post","status-publish","format-standard","has-post-thumbnail","hentry","category-geral"],"views":1709,"_links":{"self":[{"href":"https:\/\/www.sudoestehoje.com.br\/novoportal\/wp-json\/wp\/v2\/posts\/88582","targetHints":{"allow":["GET"]}}],"collection":[{"href":"https:\/\/www.sudoestehoje.com.br\/novoportal\/wp-json\/wp\/v2\/posts"}],"about":[{"href":"https:\/\/www.sudoestehoje.com.br\/novoportal\/wp-json\/wp\/v2\/types\/post"}],"author":[{"embeddable":true,"href":"https:\/\/www.sudoestehoje.com.br\/novoportal\/wp-json\/wp\/v2\/users\/2"}],"replies":[{"embeddable":true,"href":"https:\/\/www.sudoestehoje.com.br\/novoportal\/wp-json\/wp\/v2\/comments?post=88582"}],"version-history":[{"count":3,"href":"https:\/\/www.sudoestehoje.com.br\/novoportal\/wp-json\/wp\/v2\/posts\/88582\/revisions"}],"predecessor-version":[{"id":88586,"href":"https:\/\/www.sudoestehoje.com.br\/novoportal\/wp-json\/wp\/v2\/posts\/88582\/revisions\/88586"}],"wp:featuredmedia":[{"embeddable":true,"href":"https:\/\/www.sudoestehoje.com.br\/novoportal\/wp-json\/wp\/v2\/media\/88584"}],"wp:attachment":[{"href":"https:\/\/www.sudoestehoje.com.br\/novoportal\/wp-json\/wp\/v2\/media?parent=88582"}],"wp:term":[{"taxonomy":"category","embeddable":true,"href":"https:\/\/www.sudoestehoje.com.br\/novoportal\/wp-json\/wp\/v2\/categories?post=88582"},{"taxonomy":"post_tag","embeddable":true,"href":"https:\/\/www.sudoestehoje.com.br\/novoportal\/wp-json\/wp\/v2\/tags?post=88582"}],"curies":[{"name":"wp","href":"https:\/\/api.w.org\/{rel}","templated":true}]}}