
{"id":88572,"date":"2020-07-26T18:58:24","date_gmt":"2020-07-26T21:58:24","guid":{"rendered":"https:\/\/www.sudoestehoje.com.br\/novoportal\/?p=88572"},"modified":"2020-07-26T19:00:00","modified_gmt":"2020-07-26T22:00:00","slug":"justica-proibe-prefeito-de-iguai-de-promover-aglomeracoes-durante-pandemia","status":"publish","type":"post","link":"https:\/\/www.sudoestehoje.com.br\/novoportal\/2020\/07\/26\/justica-proibe-prefeito-de-iguai-de-promover-aglomeracoes-durante-pandemia\/","title":{"rendered":"JUSTI\u00c7A PRO\u00cdBE PREFEITO DE IGUA\u00cd DE PROMOVER AGLOMERA\u00c7\u00d5ES DURANTE PANDEMIA"},"content":{"rendered":"<p><a href=\"https:\/\/www.sudoestehoje.com.br\/novoportal\/wp-content\/uploads\/2020\/07\/RONY-IGUA\u00cd-1-1.jpeg\"><img loading=\"lazy\" decoding=\"async\" class=\"aligncenter size-medium wp-image-88577\" src=\"https:\/\/www.sudoestehoje.com.br\/novoportal\/wp-content\/uploads\/2020\/07\/RONY-IGUA\u00cd-1-1-500x375.jpeg\" alt=\"\" width=\"500\" height=\"375\" srcset=\"https:\/\/www.sudoestehoje.com.br\/novoportal\/wp-content\/uploads\/2020\/07\/RONY-IGUA\u00cd-1-1-500x375.jpeg 500w, https:\/\/www.sudoestehoje.com.br\/novoportal\/wp-content\/uploads\/2020\/07\/RONY-IGUA\u00cd-1-1.jpeg 640w\" sizes=\"auto, (max-width: 500px) 100vw, 500px\" \/><\/a><\/p>\n<p>O prefeito de Igua\u00ed, Ronaldo Moitinho, foi proibido na sexta-feira (24), pela Justi\u00e7a, de realizar, organizar, estimular ou participar de quaisquer eventos que gerem aglomera\u00e7\u00e3o de pessoas enquanto durar a pandemia da Covid-19 e os efeitos dos decretos com medidas restritivas para combate \u00e0 dissemina\u00e7\u00e3o do novo coronav\u00edrus.<\/p>\n<p>A decis\u00e3o atendeu um pedido do Minist\u00e9rio P\u00fablico da Bahia. Movida pela promotora de Justi\u00e7a Solange Anat\u00f3lio do Esp\u00edrito Santo, a a\u00e7\u00e3o traz fotografias e v\u00eddeos de evento realizado no \u00faltimo dia 19 no distrito de Altamira, zona rural de Igua\u00ed, com dezenas de pessoas aglomeradas. A festa teria sido realizada pelo atual prefeito.<\/p>\n<p>A decis\u00e3o liminar do juiz Fernando Marcos Pereira estabeleceu multa de R$ 200 mil em caso de descumprimento, \u201csem preju\u00edzo das demais ado\u00e7\u00f5es de a\u00e7\u00f5es e san\u00e7\u00f5es legais pertinentes, que o caso requer\u201d.<\/p>\n<p><strong>BOLETIM EPIDEMIOL\u00d3GICO<\/strong><\/p>\n<p>Segundo a a\u00e7\u00e3o, os boletins epidemiol\u00f3gicos divulgados pela Secretaria Municipal de Sa\u00fade mostram que o munic\u00edpio apresentava dois dias antes do evento 290 casos confirmados de Covid-19 e oito mortes. J\u00e1 at\u00e9 quinta-feira (23), eram 310 pessoas infectadas e 10 \u00f3bitos causados pela doen\u00e7a.<\/p>\n<div class=\"g g-4\">\n<div class=\"g-dyn a-37 c-4\">\n<p>Conforme a a\u00e7\u00e3o, o prefeito \u201cpromoveu a aglomera\u00e7\u00e3o de pessoas, por meio de carreatas e passeatas, sob o pretexto de realizar a\u00e7\u00f5es sociais em combate \u00e0 Covid-19, com doa\u00e7\u00e3o de alimentos, brinquedos, doces, cestas b\u00e1sicas, \u2018Kit Covid\u2019, testes r\u00e1pidos, etc., contando para efetuar as a\u00e7\u00f5es citadas do efetivo aux\u00edlio de servidores e funcion\u00e1rios p\u00fablicos municipais\u201d.<\/p>\n<p>Segundo as informa\u00e7\u00f5es apuradas pelo MP-BA, a carreata contou com dois ve\u00edculos plotados com a logomarca oficial da Prefeitura, al\u00e9m de carro de som que propagava o slogan \u201cO trabalho n\u00e3o pode parar\u201d.<\/p>\n<p>Tamb\u00e9m teria havido, ao final da manifesta\u00e7\u00e3o, festa com bebidas alco\u00f3licas, com pessoas dan\u00e7ando sem m\u00e1scara. A promotora destacou que a manifesta\u00e7\u00e3o reuniu mais de 50 pessoas, desrespeitando decretos municipal e estadual, e se configurou como \u201cverdadeiro evento eleitoreiro, deixando a popula\u00e7\u00e3o exposta ao cont\u00e1gio pelo v\u00edrus, gerando enorme risco para a sa\u00fade p\u00fablica da coletividade\u201d. <em>\/\/Pimenta<\/em><\/p>\n<\/div>\n<\/div>\n","protected":false},"excerpt":{"rendered":"<p>O prefeito de Igua\u00ed, Ronaldo Moitinho, foi proibido na sexta-feira (24), pela Justi\u00e7a, de realizar, organizar, estimular ou participar de quaisquer eventos que gerem aglomera\u00e7\u00e3o de pessoas enquanto durar a pandemia da Covid-19 e os efeitos dos decretos com medidas restritivas para combate \u00e0 dissemina\u00e7\u00e3o do novo coronav\u00edrus. A decis\u00e3o atendeu um pedido do Minist\u00e9rio [&hellip;]<\/p>\n","protected":false},"author":2,"featured_media":88577,"comment_status":"open","ping_status":"open","sticky":false,"template":"","format":"standard","meta":{"footnotes":"","_links_to":"","_links_to_target":""},"categories":[1],"tags":[],"class_list":["post-88572","post","type-post","status-publish","format-standard","has-post-thumbnail","hentry","category-geral"],"views":864,"_links":{"self":[{"href":"https:\/\/www.sudoestehoje.com.br\/novoportal\/wp-json\/wp\/v2\/posts\/88572","targetHints":{"allow":["GET"]}}],"collection":[{"href":"https:\/\/www.sudoestehoje.com.br\/novoportal\/wp-json\/wp\/v2\/posts"}],"about":[{"href":"https:\/\/www.sudoestehoje.com.br\/novoportal\/wp-json\/wp\/v2\/types\/post"}],"author":[{"embeddable":true,"href":"https:\/\/www.sudoestehoje.com.br\/novoportal\/wp-json\/wp\/v2\/users\/2"}],"replies":[{"embeddable":true,"href":"https:\/\/www.sudoestehoje.com.br\/novoportal\/wp-json\/wp\/v2\/comments?post=88572"}],"version-history":[{"count":4,"href":"https:\/\/www.sudoestehoje.com.br\/novoportal\/wp-json\/wp\/v2\/posts\/88572\/revisions"}],"predecessor-version":[{"id":88578,"href":"https:\/\/www.sudoestehoje.com.br\/novoportal\/wp-json\/wp\/v2\/posts\/88572\/revisions\/88578"}],"wp:featuredmedia":[{"embeddable":true,"href":"https:\/\/www.sudoestehoje.com.br\/novoportal\/wp-json\/wp\/v2\/media\/88577"}],"wp:attachment":[{"href":"https:\/\/www.sudoestehoje.com.br\/novoportal\/wp-json\/wp\/v2\/media?parent=88572"}],"wp:term":[{"taxonomy":"category","embeddable":true,"href":"https:\/\/www.sudoestehoje.com.br\/novoportal\/wp-json\/wp\/v2\/categories?post=88572"},{"taxonomy":"post_tag","embeddable":true,"href":"https:\/\/www.sudoestehoje.com.br\/novoportal\/wp-json\/wp\/v2\/tags?post=88572"}],"curies":[{"name":"wp","href":"https:\/\/api.w.org\/{rel}","templated":true}]}}