
{"id":88565,"date":"2020-07-24T23:43:40","date_gmt":"2020-07-25T02:43:40","guid":{"rendered":"https:\/\/www.sudoestehoje.com.br\/novoportal\/?p=88565"},"modified":"2020-07-24T23:43:40","modified_gmt":"2020-07-25T02:43:40","slug":"congresso-antonio-brito-concorre-ao-premio-de-melhor-deputado","status":"publish","type":"post","link":"https:\/\/www.sudoestehoje.com.br\/novoportal\/2020\/07\/24\/congresso-antonio-brito-concorre-ao-premio-de-melhor-deputado\/","title":{"rendered":"CONGRESSO: ANTONIO BRITO CONCORRE AO PR\u00caMIO DE MELHOR DEPUTADO"},"content":{"rendered":"<p><a href=\"https:\/\/www.sudoestehoje.com.br\/novoportal\/wp-content\/uploads\/2020\/07\/premio-congresso.jpeg\"><img loading=\"lazy\" decoding=\"async\" class=\"aligncenter size-medium wp-image-88566\" src=\"https:\/\/www.sudoestehoje.com.br\/novoportal\/wp-content\/uploads\/2020\/07\/premio-congresso-500x565.jpeg\" alt=\"\" width=\"500\" height=\"565\" srcset=\"https:\/\/www.sudoestehoje.com.br\/novoportal\/wp-content\/uploads\/2020\/07\/premio-congresso-500x565.jpeg 500w, https:\/\/www.sudoestehoje.com.br\/novoportal\/wp-content\/uploads\/2020\/07\/premio-congresso-700x790.jpeg 700w, https:\/\/www.sudoestehoje.com.br\/novoportal\/wp-content\/uploads\/2020\/07\/premio-congresso-768x867.jpeg 768w, https:\/\/www.sudoestehoje.com.br\/novoportal\/wp-content\/uploads\/2020\/07\/premio-congresso.jpeg 1053w\" sizes=\"auto, (max-width: 500px) 100vw, 500px\" \/><\/a><\/p>\n<p>O deputado federal Antonio Brito (PSD\/BA) est\u00e1 concorrendo ao Pr\u00eamio Congresso em Foco, maior premia\u00e7\u00e3o de parlamentares no pa\u00eds, na categoria Melhor Deputado, e j\u00e1 lidera entre os parlamentares baianos.<\/p>\n<p>\u00c9 um reconhecimento \u00e0 sua atua\u00e7\u00e3o no mandato nesta constante luta pela promo\u00e7\u00e3o da sa\u00fade e da assist\u00eancia social.<\/p>\n<p><strong>O pr\u00eamio<\/strong><\/p>\n<p>O Pr\u00eamio j\u00e1 \u00e9 considerado pela imprensa e pelos pr\u00f3prios parlamentares como o \u201cOscar da Pol\u00edtica\u201d, tamanha a repercuss\u00e3o da premia\u00e7\u00e3o. Anualmente, o concurso reconhece os parlamentares federais mais bem avaliados pela popula\u00e7\u00e3o, por um j\u00fari especializado e pelos jornalistas que cobrem o Congresso.<\/p>\n<p>O objetivo \u00e9 apontar os melhores parlamentares que atuam em Bras\u00edlia, estimular a sociedade a acompanhar seus representantes, participar da vida pol\u00edtica e reconhecer a import\u00e2ncia do Poder Legislativo na democracia.<\/p>\n<p>Ap\u00f3s a quinta apura\u00e7\u00e3o parcial, o deputado federal Antonio Brito ocupa o primeiro lugar no Estado da Bahia e o segundo lugar na Regi\u00e3o Nordeste.<\/p>\n<p>Para votar no deputado acesse:<span style=\"color: #0000ff;\"><strong> <a style=\"color: #0000ff;\" href=\"http:\/\/congresso\">premio.congressoemfoco.com.br<\/a><\/strong><\/span><\/p>\n","protected":false},"excerpt":{"rendered":"<p>O deputado federal Antonio Brito (PSD\/BA) est\u00e1 concorrendo ao Pr\u00eamio Congresso em Foco, maior premia\u00e7\u00e3o de parlamentares no pa\u00eds, na categoria Melhor Deputado, e j\u00e1 lidera entre os parlamentares baianos. \u00c9 um reconhecimento \u00e0 sua atua\u00e7\u00e3o no mandato nesta constante luta pela promo\u00e7\u00e3o da sa\u00fade e da assist\u00eancia social. O pr\u00eamio O Pr\u00eamio j\u00e1 \u00e9 [&hellip;]<\/p>\n","protected":false},"author":2,"featured_media":88566,"comment_status":"open","ping_status":"open","sticky":false,"template":"","format":"standard","meta":{"footnotes":"","_links_to":"","_links_to_target":""},"categories":[1],"tags":[],"class_list":["post-88565","post","type-post","status-publish","format-standard","has-post-thumbnail","hentry","category-geral"],"views":1116,"_links":{"self":[{"href":"https:\/\/www.sudoestehoje.com.br\/novoportal\/wp-json\/wp\/v2\/posts\/88565","targetHints":{"allow":["GET"]}}],"collection":[{"href":"https:\/\/www.sudoestehoje.com.br\/novoportal\/wp-json\/wp\/v2\/posts"}],"about":[{"href":"https:\/\/www.sudoestehoje.com.br\/novoportal\/wp-json\/wp\/v2\/types\/post"}],"author":[{"embeddable":true,"href":"https:\/\/www.sudoestehoje.com.br\/novoportal\/wp-json\/wp\/v2\/users\/2"}],"replies":[{"embeddable":true,"href":"https:\/\/www.sudoestehoje.com.br\/novoportal\/wp-json\/wp\/v2\/comments?post=88565"}],"version-history":[{"count":1,"href":"https:\/\/www.sudoestehoje.com.br\/novoportal\/wp-json\/wp\/v2\/posts\/88565\/revisions"}],"predecessor-version":[{"id":88567,"href":"https:\/\/www.sudoestehoje.com.br\/novoportal\/wp-json\/wp\/v2\/posts\/88565\/revisions\/88567"}],"wp:featuredmedia":[{"embeddable":true,"href":"https:\/\/www.sudoestehoje.com.br\/novoportal\/wp-json\/wp\/v2\/media\/88566"}],"wp:attachment":[{"href":"https:\/\/www.sudoestehoje.com.br\/novoportal\/wp-json\/wp\/v2\/media?parent=88565"}],"wp:term":[{"taxonomy":"category","embeddable":true,"href":"https:\/\/www.sudoestehoje.com.br\/novoportal\/wp-json\/wp\/v2\/categories?post=88565"},{"taxonomy":"post_tag","embeddable":true,"href":"https:\/\/www.sudoestehoje.com.br\/novoportal\/wp-json\/wp\/v2\/tags?post=88565"}],"curies":[{"name":"wp","href":"https:\/\/api.w.org\/{rel}","templated":true}]}}