
{"id":88560,"date":"2020-07-24T21:58:46","date_gmt":"2020-07-25T00:58:46","guid":{"rendered":"https:\/\/www.sudoestehoje.com.br\/novoportal\/?p=88560"},"modified":"2020-07-24T21:58:46","modified_gmt":"2020-07-25T00:58:46","slug":"itarantim-familiares-do-prefeito-vice-e-secretarios-sao-acusados-de-fraude-no-auxilio-emergencial-de-r-600","status":"publish","type":"post","link":"https:\/\/www.sudoestehoje.com.br\/novoportal\/2020\/07\/24\/itarantim-familiares-do-prefeito-vice-e-secretarios-sao-acusados-de-fraude-no-auxilio-emergencial-de-r-600\/","title":{"rendered":"ITARANTIM: FAMILIARES DO PREFEITO, VICE E SECRET\u00c1RIOS S\u00c3O ACUSADOS DE FRAUDE NO AUX\u00cdLIO EMERGENCIAL DE R$ 600"},"content":{"rendered":"<p><a href=\"https:\/\/www.sudoestehoje.com.br\/novoportal\/wp-content\/uploads\/2020\/07\/paulo-constru.jpg\"><img loading=\"lazy\" decoding=\"async\" class=\"aligncenter size-medium wp-image-88563\" src=\"https:\/\/www.sudoestehoje.com.br\/novoportal\/wp-content\/uploads\/2020\/07\/paulo-constru-500x281.jpg\" alt=\"\" width=\"500\" height=\"281\" srcset=\"https:\/\/www.sudoestehoje.com.br\/novoportal\/wp-content\/uploads\/2020\/07\/paulo-constru-500x281.jpg 500w, https:\/\/www.sudoestehoje.com.br\/novoportal\/wp-content\/uploads\/2020\/07\/paulo-constru-700x394.jpg 700w, https:\/\/www.sudoestehoje.com.br\/novoportal\/wp-content\/uploads\/2020\/07\/paulo-constru-768x432.jpg 768w, https:\/\/www.sudoestehoje.com.br\/novoportal\/wp-content\/uploads\/2020\/07\/paulo-constru.jpg 1200w\" sizes=\"auto, (max-width: 500px) 100vw, 500px\" \/><\/a><\/p>\n<p>O MPF (Minist\u00e9rio P\u00fablico Federal) na Bahia vai investigar se agentes p\u00fablicos e familiares de pol\u00edticos da cidade de Itarantim, no sudoeste do estado, cometeram fraudes para receber indevidamente o aux\u00edlio emergencial do governo federal.<\/p>\n<p>Entre os casos, est\u00e1 o do filho do prefeito Paulo Silva Vieira (DEM), um estudante de medicina em uma faculdade com mensalidade de R$ 7.500.<\/p>\n<p>O prefeito Paulo &#8216;Constru\u00e7\u00e3o&#8217; confirmou que o filho pediu o aux\u00edlio, mas disse que foi um &#8220;ato isolado&#8221; dele. Outros supostos benefici\u00e1rios s\u00e3o a filha do vice-prefeito Jadiel Matos (MDB), dois secret\u00e1rios e uma gestora municipal do Bolsa Fam\u00edlia.<\/p>\n<p>Na regi\u00e3o, j\u00e1 foram denunciados outros casos envolvendo filhos dos prefeitos de Maiquinique e Itoror\u00f3, que tamb\u00e9m dever\u00e3o ser alvos das investiga\u00e7\u00f5es do MPF.<\/p>\n<p><span style=\"color: #0000ff;\"><em><strong><a style=\"color: #0000ff;\" href=\"https:\/\/economia.uol.com.br\/noticias\/redacao\/2020\/07\/22\/itarantim-bahia-fraude-auxilio\">VEJA MAT\u00c9RIA COMPLETA NO UOL<\/a><\/strong><\/em><\/span><\/p>\n","protected":false},"excerpt":{"rendered":"<p>O MPF (Minist\u00e9rio P\u00fablico Federal) na Bahia vai investigar se agentes p\u00fablicos e familiares de pol\u00edticos da cidade de Itarantim, no sudoeste do estado, cometeram fraudes para receber indevidamente o aux\u00edlio emergencial do governo federal. Entre os casos, est\u00e1 o do filho do prefeito Paulo Silva Vieira (DEM), um estudante de medicina em uma faculdade [&hellip;]<\/p>\n","protected":false},"author":2,"featured_media":88563,"comment_status":"open","ping_status":"open","sticky":false,"template":"","format":"standard","meta":{"footnotes":"","_links_to":"","_links_to_target":""},"categories":[1],"tags":[],"class_list":["post-88560","post","type-post","status-publish","format-standard","has-post-thumbnail","hentry","category-geral"],"views":1143,"_links":{"self":[{"href":"https:\/\/www.sudoestehoje.com.br\/novoportal\/wp-json\/wp\/v2\/posts\/88560","targetHints":{"allow":["GET"]}}],"collection":[{"href":"https:\/\/www.sudoestehoje.com.br\/novoportal\/wp-json\/wp\/v2\/posts"}],"about":[{"href":"https:\/\/www.sudoestehoje.com.br\/novoportal\/wp-json\/wp\/v2\/types\/post"}],"author":[{"embeddable":true,"href":"https:\/\/www.sudoestehoje.com.br\/novoportal\/wp-json\/wp\/v2\/users\/2"}],"replies":[{"embeddable":true,"href":"https:\/\/www.sudoestehoje.com.br\/novoportal\/wp-json\/wp\/v2\/comments?post=88560"}],"version-history":[{"count":3,"href":"https:\/\/www.sudoestehoje.com.br\/novoportal\/wp-json\/wp\/v2\/posts\/88560\/revisions"}],"predecessor-version":[{"id":88564,"href":"https:\/\/www.sudoestehoje.com.br\/novoportal\/wp-json\/wp\/v2\/posts\/88560\/revisions\/88564"}],"wp:featuredmedia":[{"embeddable":true,"href":"https:\/\/www.sudoestehoje.com.br\/novoportal\/wp-json\/wp\/v2\/media\/88563"}],"wp:attachment":[{"href":"https:\/\/www.sudoestehoje.com.br\/novoportal\/wp-json\/wp\/v2\/media?parent=88560"}],"wp:term":[{"taxonomy":"category","embeddable":true,"href":"https:\/\/www.sudoestehoje.com.br\/novoportal\/wp-json\/wp\/v2\/categories?post=88560"},{"taxonomy":"post_tag","embeddable":true,"href":"https:\/\/www.sudoestehoje.com.br\/novoportal\/wp-json\/wp\/v2\/tags?post=88560"}],"curies":[{"name":"wp","href":"https:\/\/api.w.org\/{rel}","templated":true}]}}