
{"id":88557,"date":"2020-07-24T21:01:11","date_gmt":"2020-07-25T00:01:11","guid":{"rendered":"https:\/\/www.sudoestehoje.com.br\/novoportal\/?p=88557"},"modified":"2020-07-24T21:01:11","modified_gmt":"2020-07-25T00:01:11","slug":"conquista-registra-161-casos-de-covid-19-nesta-sexta-e-chega-a-2-111-infectados","status":"publish","type":"post","link":"https:\/\/www.sudoestehoje.com.br\/novoportal\/2020\/07\/24\/conquista-registra-161-casos-de-covid-19-nesta-sexta-e-chega-a-2-111-infectados\/","title":{"rendered":"CONQUISTA REGISTRA 161 CASOS DE COVID-19 NESTA SEXTA E CHEGA A 2.111 INFECTADOS"},"content":{"rendered":"<p><a href=\"https:\/\/www.sudoestehoje.com.br\/novoportal\/wp-content\/uploads\/2020\/07\/2.111-COVD-CONQUISTA.jpeg\"><img loading=\"lazy\" decoding=\"async\" class=\"aligncenter size-medium wp-image-88558\" src=\"https:\/\/www.sudoestehoje.com.br\/novoportal\/wp-content\/uploads\/2020\/07\/2.111-COVD-CONQUISTA-500x500.jpeg\" alt=\"\" width=\"500\" height=\"500\" srcset=\"https:\/\/www.sudoestehoje.com.br\/novoportal\/wp-content\/uploads\/2020\/07\/2.111-COVD-CONQUISTA-500x500.jpeg 500w, https:\/\/www.sudoestehoje.com.br\/novoportal\/wp-content\/uploads\/2020\/07\/2.111-COVD-CONQUISTA-150x150.jpeg 150w, https:\/\/www.sudoestehoje.com.br\/novoportal\/wp-content\/uploads\/2020\/07\/2.111-COVD-CONQUISTA.jpeg 680w\" sizes=\"auto, (max-width: 500px) 100vw, 500px\" \/><\/a><\/p>\n<p>No Boletim epidemiol\u00f3gico desta sexta-feira (24), foram confirmados 161 novos casos de pessoas diagnosticadas com a Covid-19. Com isso, o n\u00famero total de casos chegou a 2.111, sendo que 1.566 deles s\u00e3o de pacientes j\u00e1 recuperados, 503 que seguem em recupera\u00e7\u00e3o (29 internados e 474 em tratamento domiciliar) e 42 \u00f3bitos de pessoas residentes do munic\u00edpio.<\/p>\n","protected":false},"excerpt":{"rendered":"<p>No Boletim epidemiol\u00f3gico desta sexta-feira (24), foram confirmados 161 novos casos de pessoas diagnosticadas com a Covid-19. Com isso, o n\u00famero total de casos chegou a 2.111, sendo que 1.566 deles s\u00e3o de pacientes j\u00e1 recuperados, 503 que seguem em recupera\u00e7\u00e3o (29 internados e 474 em tratamento domiciliar) e 42 \u00f3bitos de pessoas residentes do [&hellip;]<\/p>\n","protected":false},"author":2,"featured_media":88558,"comment_status":"open","ping_status":"open","sticky":false,"template":"","format":"standard","meta":{"footnotes":"","_links_to":"","_links_to_target":""},"categories":[1],"tags":[],"class_list":["post-88557","post","type-post","status-publish","format-standard","has-post-thumbnail","hentry","category-geral"],"views":830,"_links":{"self":[{"href":"https:\/\/www.sudoestehoje.com.br\/novoportal\/wp-json\/wp\/v2\/posts\/88557","targetHints":{"allow":["GET"]}}],"collection":[{"href":"https:\/\/www.sudoestehoje.com.br\/novoportal\/wp-json\/wp\/v2\/posts"}],"about":[{"href":"https:\/\/www.sudoestehoje.com.br\/novoportal\/wp-json\/wp\/v2\/types\/post"}],"author":[{"embeddable":true,"href":"https:\/\/www.sudoestehoje.com.br\/novoportal\/wp-json\/wp\/v2\/users\/2"}],"replies":[{"embeddable":true,"href":"https:\/\/www.sudoestehoje.com.br\/novoportal\/wp-json\/wp\/v2\/comments?post=88557"}],"version-history":[{"count":1,"href":"https:\/\/www.sudoestehoje.com.br\/novoportal\/wp-json\/wp\/v2\/posts\/88557\/revisions"}],"predecessor-version":[{"id":88559,"href":"https:\/\/www.sudoestehoje.com.br\/novoportal\/wp-json\/wp\/v2\/posts\/88557\/revisions\/88559"}],"wp:featuredmedia":[{"embeddable":true,"href":"https:\/\/www.sudoestehoje.com.br\/novoportal\/wp-json\/wp\/v2\/media\/88558"}],"wp:attachment":[{"href":"https:\/\/www.sudoestehoje.com.br\/novoportal\/wp-json\/wp\/v2\/media?parent=88557"}],"wp:term":[{"taxonomy":"category","embeddable":true,"href":"https:\/\/www.sudoestehoje.com.br\/novoportal\/wp-json\/wp\/v2\/categories?post=88557"},{"taxonomy":"post_tag","embeddable":true,"href":"https:\/\/www.sudoestehoje.com.br\/novoportal\/wp-json\/wp\/v2\/tags?post=88557"}],"curies":[{"name":"wp","href":"https:\/\/api.w.org\/{rel}","templated":true}]}}