
{"id":88534,"date":"2020-07-23T12:49:12","date_gmt":"2020-07-23T15:49:12","guid":{"rendered":"https:\/\/www.sudoestehoje.com.br\/novoportal\/?p=88534"},"modified":"2020-07-23T12:49:12","modified_gmt":"2020-07-23T15:49:12","slug":"itapetinga-corpos-de-2-pacientes-mortos-por-covid-19-sao-trocados-em-conquista","status":"publish","type":"post","link":"https:\/\/www.sudoestehoje.com.br\/novoportal\/2020\/07\/23\/itapetinga-corpos-de-2-pacientes-mortos-por-covid-19-sao-trocados-em-conquista\/","title":{"rendered":"ITAPETINGA: CORPOS DE 2 PACIENTES MORTOS POR COVID-19 S\u00c3O TROCADOS EM CONQUISTA"},"content":{"rendered":"<p><a href=\"https:\/\/www.sudoestehoje.com.br\/novoportal\/wp-content\/uploads\/2020\/07\/hgvc.jpg\"><img loading=\"lazy\" decoding=\"async\" class=\"aligncenter size-full wp-image-88535\" src=\"https:\/\/www.sudoestehoje.com.br\/novoportal\/wp-content\/uploads\/2020\/07\/hgvc.jpg\" alt=\"\" width=\"500\" height=\"310\" \/><\/a><\/p>\n<p>Dois corpos de pacientes de Itapetinga que faleceram no HGV em Vit\u00f3ria da Conquista, v\u00edtimas da Covid-19, foram trocados nesta quarta-feira (19) por uma funer\u00e1ria conquistense, que encaminhou outros corpos para serem sepultadas pelas fam\u00edlias em Itapetinga.<\/p>\n<p>Segundo reportagem da TV Sudoeste, uma das fam\u00edlias percebeu o engano e entrou em contato com o hospital, que providenciou, imediatamente a troca e devolveu os verdadeiros corpos dos pacientes de Itapetinga, para sepultamento.<\/p>\n<p>O agente funer\u00e1rio, segundo a reportagem da TV Sudoeste, assumiu o erro e isentou o hospital de qualquer falha. <em><strong>Confira o v\u00eddeo da reportagem:<\/strong><\/em><\/p>\n<p><iframe loading=\"lazy\" title=\"20200722 184646\" width=\"500\" height=\"281\" src=\"https:\/\/www.youtube.com\/embed\/gRLG--JNVfs?start=18&#038;feature=oembed\" frameborder=\"0\" allow=\"accelerometer; autoplay; clipboard-write; encrypted-media; gyroscope; picture-in-picture; web-share\" referrerpolicy=\"strict-origin-when-cross-origin\" allowfullscreen><\/iframe><\/p>\n","protected":false},"excerpt":{"rendered":"<p>Dois corpos de pacientes de Itapetinga que faleceram no HGV em Vit\u00f3ria da Conquista, v\u00edtimas da Covid-19, foram trocados nesta quarta-feira (19) por uma funer\u00e1ria conquistense, que encaminhou outros corpos para serem sepultadas pelas fam\u00edlias em Itapetinga. Segundo reportagem da TV Sudoeste, uma das fam\u00edlias percebeu o engano e entrou em contato com o hospital, [&hellip;]<\/p>\n","protected":false},"author":2,"featured_media":88535,"comment_status":"open","ping_status":"open","sticky":false,"template":"","format":"standard","meta":{"footnotes":"","_links_to":"","_links_to_target":""},"categories":[1],"tags":[],"class_list":["post-88534","post","type-post","status-publish","format-standard","has-post-thumbnail","hentry","category-geral"],"views":1944,"_links":{"self":[{"href":"https:\/\/www.sudoestehoje.com.br\/novoportal\/wp-json\/wp\/v2\/posts\/88534","targetHints":{"allow":["GET"]}}],"collection":[{"href":"https:\/\/www.sudoestehoje.com.br\/novoportal\/wp-json\/wp\/v2\/posts"}],"about":[{"href":"https:\/\/www.sudoestehoje.com.br\/novoportal\/wp-json\/wp\/v2\/types\/post"}],"author":[{"embeddable":true,"href":"https:\/\/www.sudoestehoje.com.br\/novoportal\/wp-json\/wp\/v2\/users\/2"}],"replies":[{"embeddable":true,"href":"https:\/\/www.sudoestehoje.com.br\/novoportal\/wp-json\/wp\/v2\/comments?post=88534"}],"version-history":[{"count":3,"href":"https:\/\/www.sudoestehoje.com.br\/novoportal\/wp-json\/wp\/v2\/posts\/88534\/revisions"}],"predecessor-version":[{"id":88538,"href":"https:\/\/www.sudoestehoje.com.br\/novoportal\/wp-json\/wp\/v2\/posts\/88534\/revisions\/88538"}],"wp:featuredmedia":[{"embeddable":true,"href":"https:\/\/www.sudoestehoje.com.br\/novoportal\/wp-json\/wp\/v2\/media\/88535"}],"wp:attachment":[{"href":"https:\/\/www.sudoestehoje.com.br\/novoportal\/wp-json\/wp\/v2\/media?parent=88534"}],"wp:term":[{"taxonomy":"category","embeddable":true,"href":"https:\/\/www.sudoestehoje.com.br\/novoportal\/wp-json\/wp\/v2\/categories?post=88534"},{"taxonomy":"post_tag","embeddable":true,"href":"https:\/\/www.sudoestehoje.com.br\/novoportal\/wp-json\/wp\/v2\/tags?post=88534"}],"curies":[{"name":"wp","href":"https:\/\/api.w.org\/{rel}","templated":true}]}}