
{"id":88527,"date":"2020-07-22T20:28:07","date_gmt":"2020-07-22T23:28:07","guid":{"rendered":"https:\/\/www.sudoestehoje.com.br\/novoportal\/?p=88527"},"modified":"2020-07-22T20:28:07","modified_gmt":"2020-07-22T23:28:07","slug":"policia-civil-reativa-o-disque-denuncia","status":"publish","type":"post","link":"https:\/\/www.sudoestehoje.com.br\/novoportal\/2020\/07\/22\/policia-civil-reativa-o-disque-denuncia\/","title":{"rendered":"POL\u00cdCIA CIVIL REATIVA O DISQUE DEN\u00daNCIA"},"content":{"rendered":"<p><a href=\"https:\/\/www.sudoestehoje.com.br\/novoportal\/wp-content\/uploads\/2020\/07\/DISK-DENUNCIA.jpeg\"><img loading=\"lazy\" decoding=\"async\" class=\"aligncenter size-medium wp-image-88528\" src=\"https:\/\/www.sudoestehoje.com.br\/novoportal\/wp-content\/uploads\/2020\/07\/DISK-DENUNCIA-500x282.jpeg\" alt=\"\" width=\"500\" height=\"282\" srcset=\"https:\/\/www.sudoestehoje.com.br\/novoportal\/wp-content\/uploads\/2020\/07\/DISK-DENUNCIA-500x282.jpeg 500w, https:\/\/www.sudoestehoje.com.br\/novoportal\/wp-content\/uploads\/2020\/07\/DISK-DENUNCIA-700x395.jpeg 700w, https:\/\/www.sudoestehoje.com.br\/novoportal\/wp-content\/uploads\/2020\/07\/DISK-DENUNCIA.jpeg 720w\" sizes=\"auto, (max-width: 500px) 100vw, 500px\" \/><\/a><\/p>\n<p>A Pol\u00edcia Civil de Itapetinga acaba de reativar o seu Disque Den\u00fancia. O n\u00famero para contato continua o mesmo, <strong>(77) 98887-0197<\/strong>.\u00a0O an\u00fancio foi feito na tarde de hoje, 22, pelo Coordenador Regional da 21\u00aa Coorpin, Roberto J\u00fanior.<\/p>\n<p>O delegado lembra que o denunciante falar\u00e1 diretamente com ele, por mensagem escrita ou \u00e1udio.<br \/>\nO servi\u00e7o abranger\u00e1 as 13 cidades que englobam a 21\u00aa Coorpin.<\/p>\n<p>&#8220;A sociedade pode contribuir em muito no combate \u00e0 criminalidade, a exemplo das muitas pris\u00f5es ocorridas com as den\u00fancias recebidas&#8221;.<\/p>\n<p>Nome e n\u00famero do telefone do denunciante ser\u00e3o mantidos em sigilo absoluto.<\/p>\n","protected":false},"excerpt":{"rendered":"<p>A Pol\u00edcia Civil de Itapetinga acaba de reativar o seu Disque Den\u00fancia. O n\u00famero para contato continua o mesmo, (77) 98887-0197.\u00a0O an\u00fancio foi feito na tarde de hoje, 22, pelo Coordenador Regional da 21\u00aa Coorpin, Roberto J\u00fanior. O delegado lembra que o denunciante falar\u00e1 diretamente com ele, por mensagem escrita ou \u00e1udio. O servi\u00e7o abranger\u00e1 [&hellip;]<\/p>\n","protected":false},"author":2,"featured_media":88528,"comment_status":"open","ping_status":"open","sticky":false,"template":"","format":"standard","meta":{"footnotes":"","_links_to":"","_links_to_target":""},"categories":[1],"tags":[],"class_list":["post-88527","post","type-post","status-publish","format-standard","has-post-thumbnail","hentry","category-geral"],"views":949,"_links":{"self":[{"href":"https:\/\/www.sudoestehoje.com.br\/novoportal\/wp-json\/wp\/v2\/posts\/88527","targetHints":{"allow":["GET"]}}],"collection":[{"href":"https:\/\/www.sudoestehoje.com.br\/novoportal\/wp-json\/wp\/v2\/posts"}],"about":[{"href":"https:\/\/www.sudoestehoje.com.br\/novoportal\/wp-json\/wp\/v2\/types\/post"}],"author":[{"embeddable":true,"href":"https:\/\/www.sudoestehoje.com.br\/novoportal\/wp-json\/wp\/v2\/users\/2"}],"replies":[{"embeddable":true,"href":"https:\/\/www.sudoestehoje.com.br\/novoportal\/wp-json\/wp\/v2\/comments?post=88527"}],"version-history":[{"count":1,"href":"https:\/\/www.sudoestehoje.com.br\/novoportal\/wp-json\/wp\/v2\/posts\/88527\/revisions"}],"predecessor-version":[{"id":88529,"href":"https:\/\/www.sudoestehoje.com.br\/novoportal\/wp-json\/wp\/v2\/posts\/88527\/revisions\/88529"}],"wp:featuredmedia":[{"embeddable":true,"href":"https:\/\/www.sudoestehoje.com.br\/novoportal\/wp-json\/wp\/v2\/media\/88528"}],"wp:attachment":[{"href":"https:\/\/www.sudoestehoje.com.br\/novoportal\/wp-json\/wp\/v2\/media?parent=88527"}],"wp:term":[{"taxonomy":"category","embeddable":true,"href":"https:\/\/www.sudoestehoje.com.br\/novoportal\/wp-json\/wp\/v2\/categories?post=88527"},{"taxonomy":"post_tag","embeddable":true,"href":"https:\/\/www.sudoestehoje.com.br\/novoportal\/wp-json\/wp\/v2\/tags?post=88527"}],"curies":[{"name":"wp","href":"https:\/\/api.w.org\/{rel}","templated":true}]}}