
{"id":88520,"date":"2020-07-22T19:59:57","date_gmt":"2020-07-22T22:59:57","guid":{"rendered":"https:\/\/www.sudoestehoje.com.br\/novoportal\/?p=88520"},"modified":"2020-07-22T19:59:57","modified_gmt":"2020-07-22T22:59:57","slug":"video-prefeitura-de-macarani-usa-uti-aerea-para-transferir-paciente-com-covid-19-para-hospital-em-salvador","status":"publish","type":"post","link":"https:\/\/www.sudoestehoje.com.br\/novoportal\/2020\/07\/22\/video-prefeitura-de-macarani-usa-uti-aerea-para-transferir-paciente-com-covid-19-para-hospital-em-salvador\/","title":{"rendered":"V\u00cdDEO: PREFEITURA DE MACARANI USA UTI A\u00c9REA PARA TRANSFERIR PACIENTE COM COVID-19 PARA HOSPITAL EM SALVADOR"},"content":{"rendered":"<p><a href=\"https:\/\/www.sudoestehoje.com.br\/novoportal\/wp-content\/uploads\/2020\/07\/UTI-1.jpeg\"><img loading=\"lazy\" decoding=\"async\" class=\"aligncenter size-medium wp-image-88523\" src=\"https:\/\/www.sudoestehoje.com.br\/novoportal\/wp-content\/uploads\/2020\/07\/UTI-1-500x261.jpeg\" alt=\"\" width=\"500\" height=\"261\" srcset=\"https:\/\/www.sudoestehoje.com.br\/novoportal\/wp-content\/uploads\/2020\/07\/UTI-1-500x261.jpeg 500w, https:\/\/www.sudoestehoje.com.br\/novoportal\/wp-content\/uploads\/2020\/07\/UTI-1-700x365.jpeg 700w, https:\/\/www.sudoestehoje.com.br\/novoportal\/wp-content\/uploads\/2020\/07\/UTI-1-768x400.jpeg 768w, https:\/\/www.sudoestehoje.com.br\/novoportal\/wp-content\/uploads\/2020\/07\/UTI-1.jpeg 1280w\" sizes=\"auto, (max-width: 500px) 100vw, 500px\" \/><\/a><\/p>\n<p>No seu enorme esfor\u00e7o para salvar vidas e dar total assist\u00eancia \u00e0 popula\u00e7\u00e3o do seu munic\u00edpio durante a pandemia de Coronav\u00edrus, o prefeito Miller Ferraz, de Macarani, deu hoje um exemplo sem precedentes no interior do estado, transferindo um paciente em estado grave para um hospital a capital do estado, atrav\u00e9s de uma UTI a\u00e9rea.<\/p>\n<p>De acordo com a Secretaria de Sa\u00fade do munic\u00edpio, o paciente foi regulado para Salvador, mas o seu estado de sa\u00fade n\u00e3o permitia o deslocamento via terrestre, atrav\u00e9s de ambul\u00e2ncia, visto que a dist\u00e2ncia entre Macarani e a capital \u00e9 de mais de 650 km.<\/p>\n<p><a href=\"https:\/\/www.sudoestehoje.com.br\/novoportal\/wp-content\/uploads\/2020\/07\/UTI-2.jpeg\"><img loading=\"lazy\" decoding=\"async\" class=\"aligncenter size-medium wp-image-88524\" src=\"https:\/\/www.sudoestehoje.com.br\/novoportal\/wp-content\/uploads\/2020\/07\/UTI-2-500x251.jpeg\" alt=\"\" width=\"500\" height=\"251\" srcset=\"https:\/\/www.sudoestehoje.com.br\/novoportal\/wp-content\/uploads\/2020\/07\/UTI-2-500x251.jpeg 500w, https:\/\/www.sudoestehoje.com.br\/novoportal\/wp-content\/uploads\/2020\/07\/UTI-2-700x352.jpeg 700w, https:\/\/www.sudoestehoje.com.br\/novoportal\/wp-content\/uploads\/2020\/07\/UTI-2-768x386.jpeg 768w, https:\/\/www.sudoestehoje.com.br\/novoportal\/wp-content\/uploads\/2020\/07\/UTI-2.jpeg 1280w\" sizes=\"auto, (max-width: 500px) 100vw, 500px\" \/><\/a><\/p>\n<p>Diante do risco de morte do paciente e prefeito Miller Ferraz conseguiu a sua transfer\u00eancia de avi\u00e3o, que decolou do aeroporto de Itapetinga ainda pela manh\u00e3.<\/p>\n<p>O prefeito Miller Ferraz \u00e9 m\u00e9dico e t\u00eam dedicado a maior parte do seu tempo aos assuntos relacionados aos pacientes contaminados pela Covid-19 em Macarani.<strong><em> Confira v\u00eddeo:\u00a0<\/em><\/strong><\/p>\n<div style=\"width: 848px;\" class=\"wp-video\"><!--[if lt IE 9]><script>document.createElement('video');<\/script><![endif]-->\n<video class=\"wp-video-shortcode\" id=\"video-88520-1\" width=\"848\" height=\"480\" preload=\"metadata\" controls=\"controls\"><source type=\"video\/mp4\" src=\"https:\/\/www.sudoestehoje.com.br\/novoportal\/wp-content\/uploads\/2020\/07\/UTI-VIDEO.mp4?_=1\" \/><a href=\"https:\/\/www.sudoestehoje.com.br\/novoportal\/wp-content\/uploads\/2020\/07\/UTI-VIDEO.mp4\">https:\/\/www.sudoestehoje.com.br\/novoportal\/wp-content\/uploads\/2020\/07\/UTI-VIDEO.mp4<\/a><\/video><\/div>\n<p>&nbsp;<\/p>\n","protected":false},"excerpt":{"rendered":"<p>No seu enorme esfor\u00e7o para salvar vidas e dar total assist\u00eancia \u00e0 popula\u00e7\u00e3o do seu munic\u00edpio durante a pandemia de Coronav\u00edrus, o prefeito Miller Ferraz, de Macarani, deu hoje um exemplo sem precedentes no interior do estado, transferindo um paciente em estado grave para um hospital a capital do estado, atrav\u00e9s de uma UTI a\u00e9rea. [&hellip;]<\/p>\n","protected":false},"author":2,"featured_media":88523,"comment_status":"open","ping_status":"open","sticky":false,"template":"","format":"standard","meta":{"footnotes":"","_links_to":"","_links_to_target":""},"categories":[1],"tags":[],"class_list":["post-88520","post","type-post","status-publish","format-standard","has-post-thumbnail","hentry","category-geral"],"views":2556,"_links":{"self":[{"href":"https:\/\/www.sudoestehoje.com.br\/novoportal\/wp-json\/wp\/v2\/posts\/88520","targetHints":{"allow":["GET"]}}],"collection":[{"href":"https:\/\/www.sudoestehoje.com.br\/novoportal\/wp-json\/wp\/v2\/posts"}],"about":[{"href":"https:\/\/www.sudoestehoje.com.br\/novoportal\/wp-json\/wp\/v2\/types\/post"}],"author":[{"embeddable":true,"href":"https:\/\/www.sudoestehoje.com.br\/novoportal\/wp-json\/wp\/v2\/users\/2"}],"replies":[{"embeddable":true,"href":"https:\/\/www.sudoestehoje.com.br\/novoportal\/wp-json\/wp\/v2\/comments?post=88520"}],"version-history":[{"count":3,"href":"https:\/\/www.sudoestehoje.com.br\/novoportal\/wp-json\/wp\/v2\/posts\/88520\/revisions"}],"predecessor-version":[{"id":88526,"href":"https:\/\/www.sudoestehoje.com.br\/novoportal\/wp-json\/wp\/v2\/posts\/88520\/revisions\/88526"}],"wp:featuredmedia":[{"embeddable":true,"href":"https:\/\/www.sudoestehoje.com.br\/novoportal\/wp-json\/wp\/v2\/media\/88523"}],"wp:attachment":[{"href":"https:\/\/www.sudoestehoje.com.br\/novoportal\/wp-json\/wp\/v2\/media?parent=88520"}],"wp:term":[{"taxonomy":"category","embeddable":true,"href":"https:\/\/www.sudoestehoje.com.br\/novoportal\/wp-json\/wp\/v2\/categories?post=88520"},{"taxonomy":"post_tag","embeddable":true,"href":"https:\/\/www.sudoestehoje.com.br\/novoportal\/wp-json\/wp\/v2\/tags?post=88520"}],"curies":[{"name":"wp","href":"https:\/\/api.w.org\/{rel}","templated":true}]}}