
{"id":88515,"date":"2020-07-22T19:16:15","date_gmt":"2020-07-22T22:16:15","guid":{"rendered":"https:\/\/www.sudoestehoje.com.br\/novoportal\/?p=88515"},"modified":"2020-07-22T19:16:15","modified_gmt":"2020-07-22T22:16:15","slug":"itapetinga-registra-mais-2-obitos-de-covid-19-numero-de-curados-chega-a-466","status":"publish","type":"post","link":"https:\/\/www.sudoestehoje.com.br\/novoportal\/2020\/07\/22\/itapetinga-registra-mais-2-obitos-de-covid-19-numero-de-curados-chega-a-466\/","title":{"rendered":"ITAPETINGA REGISTRA MAIS 2 \u00d3BITOS DE COVID-19; N\u00daMERO DE CURADOS CHEGA A 466"},"content":{"rendered":"<p><a href=\"https:\/\/www.sudoestehoje.com.br\/novoportal\/wp-content\/uploads\/2020\/07\/itapetinga-agora-noticias.jpg\"><img loading=\"lazy\" decoding=\"async\" class=\"aligncenter size-medium wp-image-88516\" src=\"https:\/\/www.sudoestehoje.com.br\/novoportal\/wp-content\/uploads\/2020\/07\/itapetinga-agora-noticias-500x348.jpg\" alt=\"\" width=\"500\" height=\"348\" srcset=\"https:\/\/www.sudoestehoje.com.br\/novoportal\/wp-content\/uploads\/2020\/07\/itapetinga-agora-noticias-500x348.jpg 500w, https:\/\/www.sudoestehoje.com.br\/novoportal\/wp-content\/uploads\/2020\/07\/itapetinga-agora-noticias-700x487.jpg 700w, https:\/\/www.sudoestehoje.com.br\/novoportal\/wp-content\/uploads\/2020\/07\/itapetinga-agora-noticias-768x534.jpg 768w, https:\/\/www.sudoestehoje.com.br\/novoportal\/wp-content\/uploads\/2020\/07\/itapetinga-agora-noticias.jpg 1000w\" sizes=\"auto, (max-width: 500px) 100vw, 500px\" \/><\/a><\/p>\n<p>Itapetinga registra mais dois \u00f3bitos por Covid-19. Uma mulher de 57 anos come\u00e7ou a apresentar sintomas no dia 07. Ela havia sido internada para tratamento de um AVC. A paciente apresentou sintomas de contamina\u00e7\u00e3o por coronav\u00edrus e, na noite desta ter\u00e7a-feira, n\u00e3o resistiu \u00e0 agressividade da doen\u00e7a.<\/p>\n<p>Al\u00e9m dela, um homem, de 63 anos, foi para Vit\u00f3ria da Conquista fazer tratamento para erisipela no membro inferior. Acredita-se que ele pode ter sido contaminado no pr\u00f3prio hospital. A Covid se agravou e ele tamb\u00e9m faleceu.<\/p>\n<p>Itapetinga soma, agora, 22 mortes por Covid-19. 466 pessoas est\u00e3o curadas da doen\u00e7a.<\/p>\n<p><a href=\"https:\/\/www.sudoestehoje.com.br\/novoportal\/wp-content\/uploads\/2020\/07\/466-CURADOS.jpeg\"><img loading=\"lazy\" decoding=\"async\" class=\"aligncenter size-medium wp-image-88517\" src=\"https:\/\/www.sudoestehoje.com.br\/novoportal\/wp-content\/uploads\/2020\/07\/466-CURADOS-500x417.jpeg\" alt=\"\" width=\"500\" height=\"417\" srcset=\"https:\/\/www.sudoestehoje.com.br\/novoportal\/wp-content\/uploads\/2020\/07\/466-CURADOS-500x417.jpeg 500w, https:\/\/www.sudoestehoje.com.br\/novoportal\/wp-content\/uploads\/2020\/07\/466-CURADOS-700x583.jpeg 700w, https:\/\/www.sudoestehoje.com.br\/novoportal\/wp-content\/uploads\/2020\/07\/466-CURADOS.jpeg 713w\" sizes=\"auto, (max-width: 500px) 100vw, 500px\" \/><\/a><\/p>\n","protected":false},"excerpt":{"rendered":"<p>Itapetinga registra mais dois \u00f3bitos por Covid-19. Uma mulher de 57 anos come\u00e7ou a apresentar sintomas no dia 07. Ela havia sido internada para tratamento de um AVC. A paciente apresentou sintomas de contamina\u00e7\u00e3o por coronav\u00edrus e, na noite desta ter\u00e7a-feira, n\u00e3o resistiu \u00e0 agressividade da doen\u00e7a. Al\u00e9m dela, um homem, de 63 anos, foi [&hellip;]<\/p>\n","protected":false},"author":2,"featured_media":88516,"comment_status":"open","ping_status":"open","sticky":false,"template":"","format":"standard","meta":{"footnotes":"","_links_to":"","_links_to_target":""},"categories":[1],"tags":[],"class_list":["post-88515","post","type-post","status-publish","format-standard","has-post-thumbnail","hentry","category-geral"],"views":1264,"_links":{"self":[{"href":"https:\/\/www.sudoestehoje.com.br\/novoportal\/wp-json\/wp\/v2\/posts\/88515","targetHints":{"allow":["GET"]}}],"collection":[{"href":"https:\/\/www.sudoestehoje.com.br\/novoportal\/wp-json\/wp\/v2\/posts"}],"about":[{"href":"https:\/\/www.sudoestehoje.com.br\/novoportal\/wp-json\/wp\/v2\/types\/post"}],"author":[{"embeddable":true,"href":"https:\/\/www.sudoestehoje.com.br\/novoportal\/wp-json\/wp\/v2\/users\/2"}],"replies":[{"embeddable":true,"href":"https:\/\/www.sudoestehoje.com.br\/novoportal\/wp-json\/wp\/v2\/comments?post=88515"}],"version-history":[{"count":2,"href":"https:\/\/www.sudoestehoje.com.br\/novoportal\/wp-json\/wp\/v2\/posts\/88515\/revisions"}],"predecessor-version":[{"id":88519,"href":"https:\/\/www.sudoestehoje.com.br\/novoportal\/wp-json\/wp\/v2\/posts\/88515\/revisions\/88519"}],"wp:featuredmedia":[{"embeddable":true,"href":"https:\/\/www.sudoestehoje.com.br\/novoportal\/wp-json\/wp\/v2\/media\/88516"}],"wp:attachment":[{"href":"https:\/\/www.sudoestehoje.com.br\/novoportal\/wp-json\/wp\/v2\/media?parent=88515"}],"wp:term":[{"taxonomy":"category","embeddable":true,"href":"https:\/\/www.sudoestehoje.com.br\/novoportal\/wp-json\/wp\/v2\/categories?post=88515"},{"taxonomy":"post_tag","embeddable":true,"href":"https:\/\/www.sudoestehoje.com.br\/novoportal\/wp-json\/wp\/v2\/tags?post=88515"}],"curies":[{"name":"wp","href":"https:\/\/api.w.org\/{rel}","templated":true}]}}