
{"id":88504,"date":"2020-07-21T21:20:33","date_gmt":"2020-07-22T00:20:33","guid":{"rendered":"https:\/\/www.sudoestehoje.com.br\/novoportal\/?p=88504"},"modified":"2020-07-21T21:20:33","modified_gmt":"2020-07-22T00:20:33","slug":"homem-escala-parede-de-hospital-para-ver-mae-internada-com-covid-19","status":"publish","type":"post","link":"https:\/\/www.sudoestehoje.com.br\/novoportal\/2020\/07\/21\/homem-escala-parede-de-hospital-para-ver-mae-internada-com-covid-19\/","title":{"rendered":"HOMEM ESCALA PAREDE DE HOSPITAL PARA VER M\u00c3E INTERNADA COM COVID-19"},"content":{"rendered":"<p><a href=\"https:\/\/www.sudoestehoje.com.br\/novoportal\/wp-content\/uploads\/2020\/07\/ESCALOU.jpg\"><img loading=\"lazy\" decoding=\"async\" class=\"aligncenter size-medium wp-image-88505\" src=\"https:\/\/www.sudoestehoje.com.br\/novoportal\/wp-content\/uploads\/2020\/07\/ESCALOU-500x281.jpg\" alt=\"\" width=\"500\" height=\"281\" srcset=\"https:\/\/www.sudoestehoje.com.br\/novoportal\/wp-content\/uploads\/2020\/07\/ESCALOU-500x281.jpg 500w, https:\/\/www.sudoestehoje.com.br\/novoportal\/wp-content\/uploads\/2020\/07\/ESCALOU-700x393.jpg 700w, https:\/\/www.sudoestehoje.com.br\/novoportal\/wp-content\/uploads\/2020\/07\/ESCALOU-768x431.jpg 768w, https:\/\/www.sudoestehoje.com.br\/novoportal\/wp-content\/uploads\/2020\/07\/ESCALOU.jpg 890w\" sizes=\"auto, (max-width: 500px) 100vw, 500px\" \/><\/a><\/p>\n<p>Um homem de 30 anos foi visto escalando a fachada de um hospital para ver pela janela a m\u00e3e, de 73 anos, que estava internada com c\u00e2ncer e com a Covid-19.<\/p>\n<p>O caso aconteceu na cidade de Hebron, na Cisjord\u00e2nia. Segundo testemunhas, o homem escalou o hospital por cinco dias consecutivos.<\/p>\n<p>&#8220;Ele subia se agarrando ao cano e passava a maior parte dos dias l\u00e1, observando as condi\u00e7\u00f5es da m\u00e3e. Ele s\u00f3 descia quando tinha certeza de que a m\u00e3e tinha adormecido&#8221;, disse um porta-voz do hospital, em entrevista ao jornal brit\u00e2nico &#8220;The Mirror&#8221;.<\/p>\n<p>A idosa n\u00e3o resistiu \u00e0 leucemia e ao coronav\u00edrus e acabou morrendo no \u00faltimo dia 16 de julho.<\/p>\n","protected":false},"excerpt":{"rendered":"<p>Um homem de 30 anos foi visto escalando a fachada de um hospital para ver pela janela a m\u00e3e, de 73 anos, que estava internada com c\u00e2ncer e com a Covid-19. O caso aconteceu na cidade de Hebron, na Cisjord\u00e2nia. Segundo testemunhas, o homem escalou o hospital por cinco dias consecutivos. &#8220;Ele subia se agarrando [&hellip;]<\/p>\n","protected":false},"author":2,"featured_media":88505,"comment_status":"open","ping_status":"open","sticky":false,"template":"","format":"standard","meta":{"footnotes":"","_links_to":"","_links_to_target":""},"categories":[1],"tags":[],"class_list":["post-88504","post","type-post","status-publish","format-standard","has-post-thumbnail","hentry","category-geral"],"views":959,"_links":{"self":[{"href":"https:\/\/www.sudoestehoje.com.br\/novoportal\/wp-json\/wp\/v2\/posts\/88504","targetHints":{"allow":["GET"]}}],"collection":[{"href":"https:\/\/www.sudoestehoje.com.br\/novoportal\/wp-json\/wp\/v2\/posts"}],"about":[{"href":"https:\/\/www.sudoestehoje.com.br\/novoportal\/wp-json\/wp\/v2\/types\/post"}],"author":[{"embeddable":true,"href":"https:\/\/www.sudoestehoje.com.br\/novoportal\/wp-json\/wp\/v2\/users\/2"}],"replies":[{"embeddable":true,"href":"https:\/\/www.sudoestehoje.com.br\/novoportal\/wp-json\/wp\/v2\/comments?post=88504"}],"version-history":[{"count":3,"href":"https:\/\/www.sudoestehoje.com.br\/novoportal\/wp-json\/wp\/v2\/posts\/88504\/revisions"}],"predecessor-version":[{"id":88508,"href":"https:\/\/www.sudoestehoje.com.br\/novoportal\/wp-json\/wp\/v2\/posts\/88504\/revisions\/88508"}],"wp:featuredmedia":[{"embeddable":true,"href":"https:\/\/www.sudoestehoje.com.br\/novoportal\/wp-json\/wp\/v2\/media\/88505"}],"wp:attachment":[{"href":"https:\/\/www.sudoestehoje.com.br\/novoportal\/wp-json\/wp\/v2\/media?parent=88504"}],"wp:term":[{"taxonomy":"category","embeddable":true,"href":"https:\/\/www.sudoestehoje.com.br\/novoportal\/wp-json\/wp\/v2\/categories?post=88504"},{"taxonomy":"post_tag","embeddable":true,"href":"https:\/\/www.sudoestehoje.com.br\/novoportal\/wp-json\/wp\/v2\/tags?post=88504"}],"curies":[{"name":"wp","href":"https:\/\/api.w.org\/{rel}","templated":true}]}}