
{"id":88485,"date":"2020-07-21T20:08:28","date_gmt":"2020-07-21T23:08:28","guid":{"rendered":"https:\/\/www.sudoestehoje.com.br\/novoportal\/?p=88485"},"modified":"2020-07-21T20:08:28","modified_gmt":"2020-07-21T23:08:28","slug":"macarani-nogueira-eleva-o-tom-apos-armando-porto-afirmar-que-ele-dificulta-composicao-sou-ficha-limpa","status":"publish","type":"post","link":"https:\/\/www.sudoestehoje.com.br\/novoportal\/2020\/07\/21\/macarani-nogueira-eleva-o-tom-apos-armando-porto-afirmar-que-ele-dificulta-composicao-sou-ficha-limpa\/","title":{"rendered":"MACARANI: NOGUEIRA ELEVA O TOM AP\u00d3S ARMANDO PORTO AFIRMAR QUE ELE DIFICULTA COMPOSI\u00c7\u00c3O; &#8220;SOU FICHA LIMPA&#8221;"},"content":{"rendered":"<p><a href=\"https:\/\/www.sudoestehoje.com.br\/novoportal\/wp-content\/uploads\/2020\/07\/Armando-X-Nogueira.jpg\"><img loading=\"lazy\" decoding=\"async\" class=\"aligncenter size-medium wp-image-88486\" src=\"https:\/\/www.sudoestehoje.com.br\/novoportal\/wp-content\/uploads\/2020\/07\/Armando-X-Nogueira-500x500.jpg\" alt=\"\" width=\"500\" height=\"500\" srcset=\"https:\/\/www.sudoestehoje.com.br\/novoportal\/wp-content\/uploads\/2020\/07\/Armando-X-Nogueira-500x500.jpg 500w, https:\/\/www.sudoestehoje.com.br\/novoportal\/wp-content\/uploads\/2020\/07\/Armando-X-Nogueira-700x700.jpg 700w, https:\/\/www.sudoestehoje.com.br\/novoportal\/wp-content\/uploads\/2020\/07\/Armando-X-Nogueira-150x150.jpg 150w, https:\/\/www.sudoestehoje.com.br\/novoportal\/wp-content\/uploads\/2020\/07\/Armando-X-Nogueira.jpg 720w\" sizes=\"auto, (max-width: 500px) 100vw, 500px\" \/><\/a><\/p>\n<p>Ap\u00f3s o ex-prefeito <strong>Armando Porto (PSD)<\/strong> afirmar para o site <em>Pol\u00edticos do Sul da Bahia<\/em> que \u00e9 dif\u00edcil compor com o tamb\u00e9m ex-prefeito <strong>Olisandro Nogueira (PP)<\/strong>, pelo fato deste n\u00e3o abrir m\u00e3o de ser o cabe\u00e7a de chapa no grupo de oposi\u00e7\u00e3o, o pepista elevou o tom e disparou contra Armando Porto, nas redes sociais, acusando-o de ser &#8220;ficha suja&#8221; e outras &#8216;coisinhas&#8217; impublic\u00e1veis.<\/p>\n<p>A declara\u00e7\u00e3o de Nogueira foi feita no grupo de Whatsapp do <em>Sudoeste Hoje<\/em> e pode inviabilizar a proposta de &#8216;uni\u00e3o das oposi\u00e7\u00f5es&#8217; em Macarani, para fazer frente \u00e0 candidatura do prefeito Miller Ferraz (MDB), levando a crer que a disputa ter\u00e1 mesmo tr\u00eas candidaturas.<\/p>\n<p>Mas ainda h\u00e1 quem afirme que as articula\u00e7\u00f5es devem evoluir, levando a disputa a apenas duas candidaturas, isto se Nogueira baixar o tom e ceder.<\/p>\n<p>Ser\u00e1 que vai?<\/p>\n<p><strong><em>Por Davi Ferraz<\/em><\/strong><\/p>\n","protected":false},"excerpt":{"rendered":"<p>Ap\u00f3s o ex-prefeito Armando Porto (PSD) afirmar para o site Pol\u00edticos do Sul da Bahia que \u00e9 dif\u00edcil compor com o tamb\u00e9m ex-prefeito Olisandro Nogueira (PP), pelo fato deste n\u00e3o abrir m\u00e3o de ser o cabe\u00e7a de chapa no grupo de oposi\u00e7\u00e3o, o pepista elevou o tom e disparou contra Armando Porto, nas redes sociais, [&hellip;]<\/p>\n","protected":false},"author":2,"featured_media":88486,"comment_status":"open","ping_status":"open","sticky":false,"template":"","format":"standard","meta":{"footnotes":"","_links_to":"","_links_to_target":""},"categories":[1],"tags":[],"class_list":["post-88485","post","type-post","status-publish","format-standard","has-post-thumbnail","hentry","category-geral"],"views":1083,"_links":{"self":[{"href":"https:\/\/www.sudoestehoje.com.br\/novoportal\/wp-json\/wp\/v2\/posts\/88485","targetHints":{"allow":["GET"]}}],"collection":[{"href":"https:\/\/www.sudoestehoje.com.br\/novoportal\/wp-json\/wp\/v2\/posts"}],"about":[{"href":"https:\/\/www.sudoestehoje.com.br\/novoportal\/wp-json\/wp\/v2\/types\/post"}],"author":[{"embeddable":true,"href":"https:\/\/www.sudoestehoje.com.br\/novoportal\/wp-json\/wp\/v2\/users\/2"}],"replies":[{"embeddable":true,"href":"https:\/\/www.sudoestehoje.com.br\/novoportal\/wp-json\/wp\/v2\/comments?post=88485"}],"version-history":[{"count":6,"href":"https:\/\/www.sudoestehoje.com.br\/novoportal\/wp-json\/wp\/v2\/posts\/88485\/revisions"}],"predecessor-version":[{"id":88492,"href":"https:\/\/www.sudoestehoje.com.br\/novoportal\/wp-json\/wp\/v2\/posts\/88485\/revisions\/88492"}],"wp:featuredmedia":[{"embeddable":true,"href":"https:\/\/www.sudoestehoje.com.br\/novoportal\/wp-json\/wp\/v2\/media\/88486"}],"wp:attachment":[{"href":"https:\/\/www.sudoestehoje.com.br\/novoportal\/wp-json\/wp\/v2\/media?parent=88485"}],"wp:term":[{"taxonomy":"category","embeddable":true,"href":"https:\/\/www.sudoestehoje.com.br\/novoportal\/wp-json\/wp\/v2\/categories?post=88485"},{"taxonomy":"post_tag","embeddable":true,"href":"https:\/\/www.sudoestehoje.com.br\/novoportal\/wp-json\/wp\/v2\/tags?post=88485"}],"curies":[{"name":"wp","href":"https:\/\/api.w.org\/{rel}","templated":true}]}}