
{"id":88424,"date":"2020-07-17T20:02:42","date_gmt":"2020-07-17T23:02:42","guid":{"rendered":"https:\/\/www.sudoestehoje.com.br\/novoportal\/?p=88424"},"modified":"2020-07-17T20:02:42","modified_gmt":"2020-07-17T23:02:42","slug":"conquista-bate-recorde-e-registra-159-casos-da-covid-19-em-apenas-24-horas","status":"publish","type":"post","link":"https:\/\/www.sudoestehoje.com.br\/novoportal\/2020\/07\/17\/conquista-bate-recorde-e-registra-159-casos-da-covid-19-em-apenas-24-horas\/","title":{"rendered":"CONQUISTA BATE RECORDE E REGISTRA 159 CASOS DA COVID-19 EM APENAS 24 HORAS"},"content":{"rendered":"<p><a href=\"https:\/\/www.sudoestehoje.com.br\/novoportal\/wp-content\/uploads\/2020\/07\/COMERCIO-DE-CONQ.jpg\"><img loading=\"lazy\" decoding=\"async\" class=\"aligncenter size-medium wp-image-88427\" src=\"https:\/\/www.sudoestehoje.com.br\/novoportal\/wp-content\/uploads\/2020\/07\/COMERCIO-DE-CONQ-500x375.jpg\" alt=\"\" width=\"500\" height=\"375\" srcset=\"https:\/\/www.sudoestehoje.com.br\/novoportal\/wp-content\/uploads\/2020\/07\/COMERCIO-DE-CONQ-500x375.jpg 500w, https:\/\/www.sudoestehoje.com.br\/novoportal\/wp-content\/uploads\/2020\/07\/COMERCIO-DE-CONQ.jpg 600w\" sizes=\"auto, (max-width: 500px) 100vw, 500px\" \/><\/a><\/p>\n<p>O n\u00famero de casos confirmados por COVID-19 chegou a 1.524, nesta sexta-feira (17), em Vit\u00f3ria da Conquista. Mais 205 pessoas que testaram positivo recuperaram-se da doen\u00e7a, registrando o total de 1.171 pessoas recuperadas. Outros 328 pacientes permanecem em recupera\u00e7\u00e3o (27 internados e 301 em tratamento domiciliar) e 25 pessoas residentes do munic\u00edpio evolu\u00edram para \u00f3bito.<em> \/\/Blog do Anderson<\/em><\/p>\n<p><a href=\"https:\/\/www.sudoestehoje.com.br\/novoportal\/wp-content\/uploads\/2020\/07\/CONQUISTA-RECORDE-COVID.jpeg\"><img loading=\"lazy\" decoding=\"async\" class=\"aligncenter size-medium wp-image-88426\" src=\"https:\/\/www.sudoestehoje.com.br\/novoportal\/wp-content\/uploads\/2020\/07\/CONQUISTA-RECORDE-COVID-500x500.jpeg\" alt=\"\" width=\"500\" height=\"500\" srcset=\"https:\/\/www.sudoestehoje.com.br\/novoportal\/wp-content\/uploads\/2020\/07\/CONQUISTA-RECORDE-COVID-500x500.jpeg 500w, https:\/\/www.sudoestehoje.com.br\/novoportal\/wp-content\/uploads\/2020\/07\/CONQUISTA-RECORDE-COVID-700x700.jpeg 700w, https:\/\/www.sudoestehoje.com.br\/novoportal\/wp-content\/uploads\/2020\/07\/CONQUISTA-RECORDE-COVID-150x150.jpeg 150w, https:\/\/www.sudoestehoje.com.br\/novoportal\/wp-content\/uploads\/2020\/07\/CONQUISTA-RECORDE-COVID-768x768.jpeg 768w, https:\/\/www.sudoestehoje.com.br\/novoportal\/wp-content\/uploads\/2020\/07\/CONQUISTA-RECORDE-COVID.jpeg 1200w\" sizes=\"auto, (max-width: 500px) 100vw, 500px\" \/><\/a><\/p>\n","protected":false},"excerpt":{"rendered":"<p>O n\u00famero de casos confirmados por COVID-19 chegou a 1.524, nesta sexta-feira (17), em Vit\u00f3ria da Conquista. Mais 205 pessoas que testaram positivo recuperaram-se da doen\u00e7a, registrando o total de 1.171 pessoas recuperadas. Outros 328 pacientes permanecem em recupera\u00e7\u00e3o (27 internados e 301 em tratamento domiciliar) e 25 pessoas residentes do munic\u00edpio evolu\u00edram para \u00f3bito. [&hellip;]<\/p>\n","protected":false},"author":2,"featured_media":88427,"comment_status":"open","ping_status":"open","sticky":false,"template":"","format":"standard","meta":{"footnotes":"","_links_to":"","_links_to_target":""},"categories":[1],"tags":[],"class_list":["post-88424","post","type-post","status-publish","format-standard","has-post-thumbnail","hentry","category-geral"],"views":1017,"_links":{"self":[{"href":"https:\/\/www.sudoestehoje.com.br\/novoportal\/wp-json\/wp\/v2\/posts\/88424","targetHints":{"allow":["GET"]}}],"collection":[{"href":"https:\/\/www.sudoestehoje.com.br\/novoportal\/wp-json\/wp\/v2\/posts"}],"about":[{"href":"https:\/\/www.sudoestehoje.com.br\/novoportal\/wp-json\/wp\/v2\/types\/post"}],"author":[{"embeddable":true,"href":"https:\/\/www.sudoestehoje.com.br\/novoportal\/wp-json\/wp\/v2\/users\/2"}],"replies":[{"embeddable":true,"href":"https:\/\/www.sudoestehoje.com.br\/novoportal\/wp-json\/wp\/v2\/comments?post=88424"}],"version-history":[{"count":2,"href":"https:\/\/www.sudoestehoje.com.br\/novoportal\/wp-json\/wp\/v2\/posts\/88424\/revisions"}],"predecessor-version":[{"id":88428,"href":"https:\/\/www.sudoestehoje.com.br\/novoportal\/wp-json\/wp\/v2\/posts\/88424\/revisions\/88428"}],"wp:featuredmedia":[{"embeddable":true,"href":"https:\/\/www.sudoestehoje.com.br\/novoportal\/wp-json\/wp\/v2\/media\/88427"}],"wp:attachment":[{"href":"https:\/\/www.sudoestehoje.com.br\/novoportal\/wp-json\/wp\/v2\/media?parent=88424"}],"wp:term":[{"taxonomy":"category","embeddable":true,"href":"https:\/\/www.sudoestehoje.com.br\/novoportal\/wp-json\/wp\/v2\/categories?post=88424"},{"taxonomy":"post_tag","embeddable":true,"href":"https:\/\/www.sudoestehoje.com.br\/novoportal\/wp-json\/wp\/v2\/tags?post=88424"}],"curies":[{"name":"wp","href":"https:\/\/api.w.org\/{rel}","templated":true}]}}