
{"id":88381,"date":"2020-07-15T20:37:51","date_gmt":"2020-07-15T23:37:51","guid":{"rendered":"https:\/\/www.sudoestehoje.com.br\/novoportal\/?p=88381"},"modified":"2020-07-15T20:37:51","modified_gmt":"2020-07-15T23:37:51","slug":"ex-ministro-geddel-deixa-presidio-para-cumprir-prisao-domiciliar","status":"publish","type":"post","link":"https:\/\/www.sudoestehoje.com.br\/novoportal\/2020\/07\/15\/ex-ministro-geddel-deixa-presidio-para-cumprir-prisao-domiciliar\/","title":{"rendered":"EX-MINISTRO GEDDEL DEIXA PRES\u00cdDIO PARA CUMPRIR PRIS\u00c3O DOMICILIAR"},"content":{"rendered":"<div class=\"mc-column content-text active-extra-styles \" data-block-type=\"unstyled\" data-block-weight=\"52\" data-block-id=\"2\"><\/div>\n<div class=\"wall protected-content\">\n<div class=\"mc-column content-text active-extra-styles \" data-block-type=\"unstyled\" data-block-weight=\"62\" data-block-id=\"3\">\n<p data-track-category=\"Link no Texto\" data-track-links=\"\"><a href=\"https:\/\/www.sudoestehoje.com.br\/novoportal\/wp-content\/uploads\/2020\/07\/GEDDEL-DEIXA-PRESIDIO.jpg\"><img loading=\"lazy\" decoding=\"async\" class=\"aligncenter size-medium wp-image-88382\" src=\"https:\/\/www.sudoestehoje.com.br\/novoportal\/wp-content\/uploads\/2020\/07\/GEDDEL-DEIXA-PRESIDIO-500x281.jpg\" alt=\"\" width=\"500\" height=\"281\" srcset=\"https:\/\/www.sudoestehoje.com.br\/novoportal\/wp-content\/uploads\/2020\/07\/GEDDEL-DEIXA-PRESIDIO-500x281.jpg 500w, https:\/\/www.sudoestehoje.com.br\/novoportal\/wp-content\/uploads\/2020\/07\/GEDDEL-DEIXA-PRESIDIO-700x394.jpg 700w, https:\/\/www.sudoestehoje.com.br\/novoportal\/wp-content\/uploads\/2020\/07\/GEDDEL-DEIXA-PRESIDIO-768x432.jpg 768w, https:\/\/www.sudoestehoje.com.br\/novoportal\/wp-content\/uploads\/2020\/07\/GEDDEL-DEIXA-PRESIDIO.jpg 1200w\" sizes=\"auto, (max-width: 500px) 100vw, 500px\" \/><\/a><\/p>\n<p class=\"content-text__container \" data-track-category=\"Link no Texto\" data-track-links=\"\">O ex-ministro Geddel Vieira Lima deixou o Complexo Penitenci\u00e1rio da Mata Escura, em Salvador, no in\u00edcio da tarde desta quarta-feira (15). O clima do lado de fora da unidade era tranquilo quando ele saiu.<\/p>\n<p class=\"bodytext\">Geddel foi preso em julho de 2017. A mudan\u00e7a de regime veio ap\u00f3s a decis\u00e3o do ministro do Supremo Tribunal Federal (STF) Dias Toffoli, emitida ontem \u00e0s 23h53.<\/p>\n<p class=\"bodytext\">Desde o in\u00edcio da pandemia, segundo a Seap, 1.841 presos foram liberados para cumprir pris\u00e3o domiciliar, enquanrto outros 2.502 obtiveram alvar\u00e1s de soltura e livramento\u00a0condicional.<\/p>\n<p data-track-category=\"Link no Texto\" data-track-links=\"\">\n<\/div>\n<div class=\"row medium-uncollapsed content-media content-photo\" data-block-type=\"backstage-photo\" data-block-id=\"4\">\n<div class=\"mc-column content-media__container\"><\/div>\n<\/div>\n<\/div>\n","protected":false},"excerpt":{"rendered":"<p>O ex-ministro Geddel Vieira Lima deixou o Complexo Penitenci\u00e1rio da Mata Escura, em Salvador, no in\u00edcio da tarde desta quarta-feira (15). O clima do lado de fora da unidade era tranquilo quando ele saiu. Geddel foi preso em julho de 2017. A mudan\u00e7a de regime veio ap\u00f3s a decis\u00e3o do ministro do Supremo Tribunal Federal [&hellip;]<\/p>\n","protected":false},"author":2,"featured_media":88382,"comment_status":"open","ping_status":"open","sticky":false,"template":"","format":"standard","meta":{"footnotes":"","_links_to":"","_links_to_target":""},"categories":[1],"tags":[],"class_list":["post-88381","post","type-post","status-publish","format-standard","has-post-thumbnail","hentry","category-geral"],"views":855,"_links":{"self":[{"href":"https:\/\/www.sudoestehoje.com.br\/novoportal\/wp-json\/wp\/v2\/posts\/88381","targetHints":{"allow":["GET"]}}],"collection":[{"href":"https:\/\/www.sudoestehoje.com.br\/novoportal\/wp-json\/wp\/v2\/posts"}],"about":[{"href":"https:\/\/www.sudoestehoje.com.br\/novoportal\/wp-json\/wp\/v2\/types\/post"}],"author":[{"embeddable":true,"href":"https:\/\/www.sudoestehoje.com.br\/novoportal\/wp-json\/wp\/v2\/users\/2"}],"replies":[{"embeddable":true,"href":"https:\/\/www.sudoestehoje.com.br\/novoportal\/wp-json\/wp\/v2\/comments?post=88381"}],"version-history":[{"count":1,"href":"https:\/\/www.sudoestehoje.com.br\/novoportal\/wp-json\/wp\/v2\/posts\/88381\/revisions"}],"predecessor-version":[{"id":88383,"href":"https:\/\/www.sudoestehoje.com.br\/novoportal\/wp-json\/wp\/v2\/posts\/88381\/revisions\/88383"}],"wp:featuredmedia":[{"embeddable":true,"href":"https:\/\/www.sudoestehoje.com.br\/novoportal\/wp-json\/wp\/v2\/media\/88382"}],"wp:attachment":[{"href":"https:\/\/www.sudoestehoje.com.br\/novoportal\/wp-json\/wp\/v2\/media?parent=88381"}],"wp:term":[{"taxonomy":"category","embeddable":true,"href":"https:\/\/www.sudoestehoje.com.br\/novoportal\/wp-json\/wp\/v2\/categories?post=88381"},{"taxonomy":"post_tag","embeddable":true,"href":"https:\/\/www.sudoestehoje.com.br\/novoportal\/wp-json\/wp\/v2\/tags?post=88381"}],"curies":[{"name":"wp","href":"https:\/\/api.w.org\/{rel}","templated":true}]}}