
{"id":8837,"date":"2011-09-18T00:03:16","date_gmt":"2011-09-18T03:03:16","guid":{"rendered":"http:\/\/www.sudoestehoje.com.br\/novoportal\/?p=8837"},"modified":"2011-09-18T00:22:01","modified_gmt":"2011-09-18T03:22:01","slug":"estudantes-de-agronomia-da-uesb-morrem-em-acidente","status":"publish","type":"post","link":"https:\/\/www.sudoestehoje.com.br\/novoportal\/2011\/09\/18\/estudantes-de-agronomia-da-uesb-morrem-em-acidente\/","title":{"rendered":"ESTUDANTES DE AGRONOMIA DA UESB MORREM EM ACIDENTE"},"content":{"rendered":"<p style=\"text-align: center;\"><img decoding=\"async\" class=\"aligncenter\" src=\"http:\/\/www.blogdoanderson.com\/v2\/wp-content\/uploads\/Desktop4.jpg\" alt=\"\" width=\"400\" \/><\/p>\n<p style=\"text-align: center;\"><em><strong>Fl\u00e1vio Leite Barros e T\u00falio Alvin eram estudantes da Uesb<\/strong><\/em><\/p>\n<p>No km 416 da BR-116, pr\u00f3ximo ao munic\u00edpio de Feira de Santana, houve a colis\u00e3o de dois ve\u00edculos (carro e \u00f4nibus), na manh\u00e3 \u00a0deste s\u00e1bado (17), resultando na morte de Fl\u00e1vio Leite Barros, natural de Vit\u00f3ria da Conquista, e T\u00falio Alvin,\u00a0da cidade de Santana, ambos alunos do curso de Agronomia, do campus da Uesb de Vit\u00f3ria da Conquista.<\/p>\n<p>O motorista do carro teria perdido o controle da dire\u00e7\u00e3o quando colidiu de frente com o \u00f4nibus. De acordo o motorista do \u00f4nibus, o condutor do carro perdeu o controle da dire\u00e7\u00e3o por causa da pista molhada.<\/p>\n<p>O corpo de Fl\u00e1vio ser\u00e1 velado na capela do Hospital S\u00e3o Vicente e o\u00a0 de T\u00falio em sua cidade natal.<\/p>\n<p><em>Informa\u00e7\u00f5es <strong>VC<\/strong><\/em><\/p>\n","protected":false},"excerpt":{"rendered":"<p>Fl\u00e1vio Leite Barros e T\u00falio Alvin eram estudantes da Uesb No km 416 da BR-116, pr\u00f3ximo ao munic\u00edpio de Feira de Santana, houve a colis\u00e3o de dois ve\u00edculos (carro e \u00f4nibus), na manh\u00e3 \u00a0deste s\u00e1bado (17), resultando na morte de Fl\u00e1vio Leite Barros, natural de Vit\u00f3ria da Conquista, e T\u00falio Alvin,\u00a0da cidade de Santana, ambos [&hellip;]<\/p>\n","protected":false},"author":2,"featured_media":0,"comment_status":"open","ping_status":"open","sticky":false,"template":"","format":"standard","meta":{"footnotes":"","_links_to":"","_links_to_target":""},"categories":[1],"tags":[],"class_list":["post-8837","post","type-post","status-publish","format-standard","hentry","category-geral"],"views":1543,"_links":{"self":[{"href":"https:\/\/www.sudoestehoje.com.br\/novoportal\/wp-json\/wp\/v2\/posts\/8837","targetHints":{"allow":["GET"]}}],"collection":[{"href":"https:\/\/www.sudoestehoje.com.br\/novoportal\/wp-json\/wp\/v2\/posts"}],"about":[{"href":"https:\/\/www.sudoestehoje.com.br\/novoportal\/wp-json\/wp\/v2\/types\/post"}],"author":[{"embeddable":true,"href":"https:\/\/www.sudoestehoje.com.br\/novoportal\/wp-json\/wp\/v2\/users\/2"}],"replies":[{"embeddable":true,"href":"https:\/\/www.sudoestehoje.com.br\/novoportal\/wp-json\/wp\/v2\/comments?post=8837"}],"version-history":[{"count":3,"href":"https:\/\/www.sudoestehoje.com.br\/novoportal\/wp-json\/wp\/v2\/posts\/8837\/revisions"}],"predecessor-version":[{"id":8839,"href":"https:\/\/www.sudoestehoje.com.br\/novoportal\/wp-json\/wp\/v2\/posts\/8837\/revisions\/8839"}],"wp:attachment":[{"href":"https:\/\/www.sudoestehoje.com.br\/novoportal\/wp-json\/wp\/v2\/media?parent=8837"}],"wp:term":[{"taxonomy":"category","embeddable":true,"href":"https:\/\/www.sudoestehoje.com.br\/novoportal\/wp-json\/wp\/v2\/categories?post=8837"},{"taxonomy":"post_tag","embeddable":true,"href":"https:\/\/www.sudoestehoje.com.br\/novoportal\/wp-json\/wp\/v2\/tags?post=8837"}],"curies":[{"name":"wp","href":"https:\/\/api.w.org\/{rel}","templated":true}]}}