
{"id":88369,"date":"2020-07-15T10:41:53","date_gmt":"2020-07-15T13:41:53","guid":{"rendered":"https:\/\/www.sudoestehoje.com.br\/novoportal\/?p=88369"},"modified":"2020-07-15T10:41:53","modified_gmt":"2020-07-15T13:41:53","slug":"toffoli-libera-geddel-para-prisao-domiciliar","status":"publish","type":"post","link":"https:\/\/www.sudoestehoje.com.br\/novoportal\/2020\/07\/15\/toffoli-libera-geddel-para-prisao-domiciliar\/","title":{"rendered":"TOFFOLI LIBERA GEDDEL PARA PRIS\u00c3O DOMICILIAR"},"content":{"rendered":"<p><a href=\"https:\/\/www.sudoestehoje.com.br\/novoportal\/wp-content\/uploads\/2020\/07\/geddel.jpg\"><img loading=\"lazy\" decoding=\"async\" class=\"aligncenter  wp-image-88370\" src=\"https:\/\/www.sudoestehoje.com.br\/novoportal\/wp-content\/uploads\/2020\/07\/geddel-500x250.jpg\" alt=\"\" width=\"500\" height=\"250\" srcset=\"https:\/\/www.sudoestehoje.com.br\/novoportal\/wp-content\/uploads\/2020\/07\/geddel-500x250.jpg 500w, https:\/\/www.sudoestehoje.com.br\/novoportal\/wp-content\/uploads\/2020\/07\/geddel.jpg 690w\" sizes=\"auto, (max-width: 500px) 100vw, 500px\" \/><\/a><\/p>\n<p>O ministro Dias Toffoli, presidente do Supremo Tribunal Federal (STF) concedeu pris\u00e3o domiciliar ao ex-ministro Geddel Vieira Lima, condenado a mais de 14 anos de pris\u00e3o por roubar dinheiro p\u00fablico.<\/p>\n<p>Toffoli determinou inclusive urg\u00eancia nas provid\u00eancias de soltura do ex-ministro, tamb\u00e9m ex-deputado federal, em raz\u00e3o do risco de cont\u00e1gio de coronav\u00edrus.<\/p>\n<p>A defesa de Geddel apresentou um teste positivo para Covid-19 do presidi\u00e1rio, que n\u00e3o foi confirmado pela contraprova, mas o presidente do STF considerou que Geddel faz parte do grupo de risco.<\/p>\n<p>Geddel Vieira Lima foi preso e processado no curso de investiga\u00e7\u00e3o que flagrou e um apartamento que ele havia alugado, em Salvador, diversas malas que somavam R$51 milh\u00f5es em dinheiro vivo.<\/p>\n","protected":false},"excerpt":{"rendered":"<p>O ministro Dias Toffoli, presidente do Supremo Tribunal Federal (STF) concedeu pris\u00e3o domiciliar ao ex-ministro Geddel Vieira Lima, condenado a mais de 14 anos de pris\u00e3o por roubar dinheiro p\u00fablico. Toffoli determinou inclusive urg\u00eancia nas provid\u00eancias de soltura do ex-ministro, tamb\u00e9m ex-deputado federal, em raz\u00e3o do risco de cont\u00e1gio de coronav\u00edrus. A defesa de Geddel [&hellip;]<\/p>\n","protected":false},"author":2,"featured_media":88370,"comment_status":"open","ping_status":"open","sticky":false,"template":"","format":"standard","meta":{"footnotes":"","_links_to":"","_links_to_target":""},"categories":[1],"tags":[],"class_list":["post-88369","post","type-post","status-publish","format-standard","has-post-thumbnail","hentry","category-geral"],"views":957,"_links":{"self":[{"href":"https:\/\/www.sudoestehoje.com.br\/novoportal\/wp-json\/wp\/v2\/posts\/88369","targetHints":{"allow":["GET"]}}],"collection":[{"href":"https:\/\/www.sudoestehoje.com.br\/novoportal\/wp-json\/wp\/v2\/posts"}],"about":[{"href":"https:\/\/www.sudoestehoje.com.br\/novoportal\/wp-json\/wp\/v2\/types\/post"}],"author":[{"embeddable":true,"href":"https:\/\/www.sudoestehoje.com.br\/novoportal\/wp-json\/wp\/v2\/users\/2"}],"replies":[{"embeddable":true,"href":"https:\/\/www.sudoestehoje.com.br\/novoportal\/wp-json\/wp\/v2\/comments?post=88369"}],"version-history":[{"count":2,"href":"https:\/\/www.sudoestehoje.com.br\/novoportal\/wp-json\/wp\/v2\/posts\/88369\/revisions"}],"predecessor-version":[{"id":88372,"href":"https:\/\/www.sudoestehoje.com.br\/novoportal\/wp-json\/wp\/v2\/posts\/88369\/revisions\/88372"}],"wp:featuredmedia":[{"embeddable":true,"href":"https:\/\/www.sudoestehoje.com.br\/novoportal\/wp-json\/wp\/v2\/media\/88370"}],"wp:attachment":[{"href":"https:\/\/www.sudoestehoje.com.br\/novoportal\/wp-json\/wp\/v2\/media?parent=88369"}],"wp:term":[{"taxonomy":"category","embeddable":true,"href":"https:\/\/www.sudoestehoje.com.br\/novoportal\/wp-json\/wp\/v2\/categories?post=88369"},{"taxonomy":"post_tag","embeddable":true,"href":"https:\/\/www.sudoestehoje.com.br\/novoportal\/wp-json\/wp\/v2\/tags?post=88369"}],"curies":[{"name":"wp","href":"https:\/\/api.w.org\/{rel}","templated":true}]}}