
{"id":88301,"date":"2020-07-11T21:43:29","date_gmt":"2020-07-12T00:43:29","guid":{"rendered":"https:\/\/www.sudoestehoje.com.br\/novoportal\/?p=88301"},"modified":"2020-07-11T22:07:18","modified_gmt":"2020-07-12T01:07:18","slug":"contraprova-atesta-que-geddel-vieira-lima-nao-esta-com-coronavirus","status":"publish","type":"post","link":"https:\/\/www.sudoestehoje.com.br\/novoportal\/2020\/07\/11\/contraprova-atesta-que-geddel-vieira-lima-nao-esta-com-coronavirus\/","title":{"rendered":"CONTRAPROVA ATESTA QUE GEDDEL VIEIRA LIMA N\u00c3O EST\u00c1 COM CORONAV\u00cdRUS"},"content":{"rendered":"<p><a href=\"https:\/\/www.sudoestehoje.com.br\/novoportal\/wp-content\/uploads\/2020\/07\/geddel-ebc-1000x530-1.jpeg\"><img loading=\"lazy\" decoding=\"async\" class=\"aligncenter size-medium wp-image-88302\" src=\"https:\/\/www.sudoestehoje.com.br\/novoportal\/wp-content\/uploads\/2020\/07\/geddel-ebc-1000x530-1-500x265.jpeg\" alt=\"\" width=\"500\" height=\"265\" srcset=\"https:\/\/www.sudoestehoje.com.br\/novoportal\/wp-content\/uploads\/2020\/07\/geddel-ebc-1000x530-1-500x265.jpeg 500w, https:\/\/www.sudoestehoje.com.br\/novoportal\/wp-content\/uploads\/2020\/07\/geddel-ebc-1000x530-1-700x371.jpeg 700w, https:\/\/www.sudoestehoje.com.br\/novoportal\/wp-content\/uploads\/2020\/07\/geddel-ebc-1000x530-1-768x407.jpeg 768w, https:\/\/www.sudoestehoje.com.br\/novoportal\/wp-content\/uploads\/2020\/07\/geddel-ebc-1000x530-1.jpeg 1000w\" sizes=\"auto, (max-width: 500px) 100vw, 500px\" \/><\/a><\/p>\n<p>O resultado da contraprova do ex-ministro Geddel Vieira Lima, 61 anos, atestou que ele n\u00e3o est\u00e1 com coronav\u00edrus. A informa\u00e7\u00e3o foi divulgada pelo secret\u00e1rio Nestor Duarte, da Secretaria de Administra\u00e7\u00e3o Penitenci\u00e1ria e Ressocializa\u00e7\u00e3o da Bahia (Seap) na tarde deste s\u00e1bado (11). Geddel havia testado positivo na \u00faltima quarta-feira (8), ap\u00f3s realizar o teste r\u00e1pido.<\/p>\n<p>Geddel est\u00e1 preso no Complexo Penitenci\u00e1rio de Salvador, no bairro da Mata Escura, desde dezembro do ano passado, quando foi transferido do Pres\u00eddio da Papuda, em Bras\u00edlia. No dia 26 de junho, o ministro Edson Fachin, do Supremo Tribunal Federal (STF), negou, em julgamento realizado por sess\u00e3o virtual, o pedido da defesa de Geddel Vieira Lima para a progress\u00e3o de pena para a pris\u00e3o domiciliar.<\/p>\n<p>A defesa do ex-ministro usou como justificativa para o pedido, a pandemia de coronav\u00edrus. Relator do processo, Fachin solicitou, em maio, informa\u00e7\u00f5es sobre as atuais condi\u00e7\u00f5es e as medidas de controle da Covid-19 adotados no Complexo Penitenci\u00e1rio da Mata Escura, local em que Geddel cumpre pena.<\/p>\n<p>A secretaria reiterou\u00a0que Geddel est\u00e1 em cela individual, em bloco com capacidade para abrigar 16 internos, mas que possui nove. A Seap afirmou ainda que apenas um interno do complexo da Mata Escura havia sido diagnosticado com coronav\u00edrus, enquanto seis policiais penais, dois vigilantes e cinco funcion\u00e1rios do corpo administrativo estavam com a doen\u00e7a, por\u00e9m, todos estavam afastados.<\/p>\n","protected":false},"excerpt":{"rendered":"<p>O resultado da contraprova do ex-ministro Geddel Vieira Lima, 61 anos, atestou que ele n\u00e3o est\u00e1 com coronav\u00edrus. A informa\u00e7\u00e3o foi divulgada pelo secret\u00e1rio Nestor Duarte, da Secretaria de Administra\u00e7\u00e3o Penitenci\u00e1ria e Ressocializa\u00e7\u00e3o da Bahia (Seap) na tarde deste s\u00e1bado (11). Geddel havia testado positivo na \u00faltima quarta-feira (8), ap\u00f3s realizar o teste r\u00e1pido. Geddel [&hellip;]<\/p>\n","protected":false},"author":2,"featured_media":88302,"comment_status":"closed","ping_status":"open","sticky":false,"template":"","format":"standard","meta":{"footnotes":"","_links_to":"","_links_to_target":""},"categories":[1],"tags":[],"class_list":["post-88301","post","type-post","status-publish","format-standard","has-post-thumbnail","hentry","category-geral"],"views":773,"_links":{"self":[{"href":"https:\/\/www.sudoestehoje.com.br\/novoportal\/wp-json\/wp\/v2\/posts\/88301","targetHints":{"allow":["GET"]}}],"collection":[{"href":"https:\/\/www.sudoestehoje.com.br\/novoportal\/wp-json\/wp\/v2\/posts"}],"about":[{"href":"https:\/\/www.sudoestehoje.com.br\/novoportal\/wp-json\/wp\/v2\/types\/post"}],"author":[{"embeddable":true,"href":"https:\/\/www.sudoestehoje.com.br\/novoportal\/wp-json\/wp\/v2\/users\/2"}],"replies":[{"embeddable":true,"href":"https:\/\/www.sudoestehoje.com.br\/novoportal\/wp-json\/wp\/v2\/comments?post=88301"}],"version-history":[{"count":1,"href":"https:\/\/www.sudoestehoje.com.br\/novoportal\/wp-json\/wp\/v2\/posts\/88301\/revisions"}],"predecessor-version":[{"id":88303,"href":"https:\/\/www.sudoestehoje.com.br\/novoportal\/wp-json\/wp\/v2\/posts\/88301\/revisions\/88303"}],"wp:featuredmedia":[{"embeddable":true,"href":"https:\/\/www.sudoestehoje.com.br\/novoportal\/wp-json\/wp\/v2\/media\/88302"}],"wp:attachment":[{"href":"https:\/\/www.sudoestehoje.com.br\/novoportal\/wp-json\/wp\/v2\/media?parent=88301"}],"wp:term":[{"taxonomy":"category","embeddable":true,"href":"https:\/\/www.sudoestehoje.com.br\/novoportal\/wp-json\/wp\/v2\/categories?post=88301"},{"taxonomy":"post_tag","embeddable":true,"href":"https:\/\/www.sudoestehoje.com.br\/novoportal\/wp-json\/wp\/v2\/tags?post=88301"}],"curies":[{"name":"wp","href":"https:\/\/api.w.org\/{rel}","templated":true}]}}