
{"id":88257,"date":"2020-07-10T01:34:01","date_gmt":"2020-07-10T04:34:01","guid":{"rendered":"https:\/\/www.sudoestehoje.com.br\/novoportal\/?p=88257"},"modified":"2020-07-10T20:48:19","modified_gmt":"2020-07-10T23:48:19","slug":"cbf-ajusta-calendario-e-preve-brasileirao-ate-24-de-fevereiro-de-2021","status":"publish","type":"post","link":"https:\/\/www.sudoestehoje.com.br\/novoportal\/2020\/07\/10\/cbf-ajusta-calendario-e-preve-brasileirao-ate-24-de-fevereiro-de-2021\/","title":{"rendered":"CBF AJUSTA CALEND\u00c1RIO E PREV\u00ca BRASILEIR\u00c3O AT\u00c9 24 DE FEVEREIRO DE 2021"},"content":{"rendered":"<p><a href=\"https:\/\/www.sudoestehoje.com.br\/novoportal\/wp-content\/uploads\/2020\/07\/BAHIA-X-FLAMENGO.jpg\"><img loading=\"lazy\" decoding=\"async\" class=\"aligncenter size-full wp-image-88259\" src=\"https:\/\/www.sudoestehoje.com.br\/novoportal\/wp-content\/uploads\/2020\/07\/BAHIA-X-FLAMENGO.jpg\" alt=\"\" width=\"480\" height=\"360\" \/><\/a><\/p>\n<p>A Confedera\u00e7\u00e3o Brasileira de Futebol (CBF) publicou na manh\u00e3 desta quinta-feira (9) uma vers\u00e3o ajustada do\u00a0<a href=\"https:\/\/conteudo.cbf.com.br\/cdn\/202007\/20200709111355_871.pdf\" target=\"_blank\" rel=\"noopener noreferrer\">calend\u00e1rio\u00a0<\/a>de competi\u00e7\u00f5es masculinas para 2020. O encerramento do Brasileir\u00e3o est\u00e1 previsto para 2021.<\/p>\n<p>A agenda da CBF tamb\u00e9m prev\u00ea datas Fifa para as Eliminat\u00f3rias da Copa do Mundo de 2022, mas sem paralisa\u00e7\u00e3o das competi\u00e7\u00f5es nacionais. Com isso, a S\u00e9rie A come\u00e7a no dia 9 de agosto e termina em 24 de fevereiro.<\/p>\n","protected":false},"excerpt":{"rendered":"<p>A Confedera\u00e7\u00e3o Brasileira de Futebol (CBF) publicou na manh\u00e3 desta quinta-feira (9) uma vers\u00e3o ajustada do\u00a0calend\u00e1rio\u00a0de competi\u00e7\u00f5es masculinas para 2020. O encerramento do Brasileir\u00e3o est\u00e1 previsto para 2021. A agenda da CBF tamb\u00e9m prev\u00ea datas Fifa para as Eliminat\u00f3rias da Copa do Mundo de 2022, mas sem paralisa\u00e7\u00e3o das competi\u00e7\u00f5es nacionais. Com isso, a S\u00e9rie [&hellip;]<\/p>\n","protected":false},"author":2,"featured_media":88259,"comment_status":"closed","ping_status":"open","sticky":false,"template":"","format":"standard","meta":{"footnotes":"","_links_to":"","_links_to_target":""},"categories":[1],"tags":[],"class_list":["post-88257","post","type-post","status-publish","format-standard","has-post-thumbnail","hentry","category-geral"],"views":813,"_links":{"self":[{"href":"https:\/\/www.sudoestehoje.com.br\/novoportal\/wp-json\/wp\/v2\/posts\/88257","targetHints":{"allow":["GET"]}}],"collection":[{"href":"https:\/\/www.sudoestehoje.com.br\/novoportal\/wp-json\/wp\/v2\/posts"}],"about":[{"href":"https:\/\/www.sudoestehoje.com.br\/novoportal\/wp-json\/wp\/v2\/types\/post"}],"author":[{"embeddable":true,"href":"https:\/\/www.sudoestehoje.com.br\/novoportal\/wp-json\/wp\/v2\/users\/2"}],"replies":[{"embeddable":true,"href":"https:\/\/www.sudoestehoje.com.br\/novoportal\/wp-json\/wp\/v2\/comments?post=88257"}],"version-history":[{"count":2,"href":"https:\/\/www.sudoestehoje.com.br\/novoportal\/wp-json\/wp\/v2\/posts\/88257\/revisions"}],"predecessor-version":[{"id":88260,"href":"https:\/\/www.sudoestehoje.com.br\/novoportal\/wp-json\/wp\/v2\/posts\/88257\/revisions\/88260"}],"wp:featuredmedia":[{"embeddable":true,"href":"https:\/\/www.sudoestehoje.com.br\/novoportal\/wp-json\/wp\/v2\/media\/88259"}],"wp:attachment":[{"href":"https:\/\/www.sudoestehoje.com.br\/novoportal\/wp-json\/wp\/v2\/media?parent=88257"}],"wp:term":[{"taxonomy":"category","embeddable":true,"href":"https:\/\/www.sudoestehoje.com.br\/novoportal\/wp-json\/wp\/v2\/categories?post=88257"},{"taxonomy":"post_tag","embeddable":true,"href":"https:\/\/www.sudoestehoje.com.br\/novoportal\/wp-json\/wp\/v2\/tags?post=88257"}],"curies":[{"name":"wp","href":"https:\/\/api.w.org\/{rel}","templated":true}]}}