
{"id":88251,"date":"2020-07-10T00:43:01","date_gmt":"2020-07-10T03:43:01","guid":{"rendered":"https:\/\/www.sudoestehoje.com.br\/novoportal\/?p=88251"},"modified":"2020-07-10T01:34:42","modified_gmt":"2020-07-10T04:34:42","slug":"stj-concede-prisao-domiciliar-para-queiroz-e-esposa-com-uso-de-tornozeleiras","status":"publish","type":"post","link":"https:\/\/www.sudoestehoje.com.br\/novoportal\/2020\/07\/10\/stj-concede-prisao-domiciliar-para-queiroz-e-esposa-com-uso-de-tornozeleiras\/","title":{"rendered":"STJ CONCEDE PRIS\u00c3O DOMICILIAR PARA QUEIROZ E ESPOSA, COM USO DE TORNOZELEIRAS"},"content":{"rendered":"<div class=\"filtros-resultado-busca\"><a href=\"https:\/\/www.sudoestehoje.com.br\/novoportal\/wp-content\/uploads\/2020\/07\/familia-queiroz.jpg\"><img loading=\"lazy\" decoding=\"async\" class=\"aligncenter size-medium wp-image-88252\" src=\"https:\/\/www.sudoestehoje.com.br\/novoportal\/wp-content\/uploads\/2020\/07\/familia-queiroz-500x350.jpg\" alt=\"\" width=\"500\" height=\"350\" srcset=\"https:\/\/www.sudoestehoje.com.br\/novoportal\/wp-content\/uploads\/2020\/07\/familia-queiroz-500x350.jpg 500w, https:\/\/www.sudoestehoje.com.br\/novoportal\/wp-content\/uploads\/2020\/07\/familia-queiroz.jpg 600w\" sizes=\"auto, (max-width: 500px) 100vw, 500px\" \/><\/a><\/div>\n<div class=\"materia-conteudo\">\n<div class=\"materia\">\n<div class=\"conteudo_post\">\n<p>O presidente do Superior Tribunal de Justi\u00e7a (STJ), ministro Jo\u00e3o Ot\u00e1vio Noronha, concedeu pris\u00e3o domiciliar nesta quinta-feira (9), a Fabr\u00edcio Queiroz e \u00e0 mulher, M\u00e1rcia de Aguiar. Os dois tiveram ordem de pris\u00f5es preventivas decretadas no \u00e2mbito das investiga\u00e7\u00f5es da Opera\u00e7\u00e3o Anjo.<\/p>\n<p>Queiroz cumpre pris\u00e3o preventiva no complexo penitenci\u00e1rio de Bangu, no Rio, desde o dia 18 de junho por ordem da Justi\u00e7a fluminense. M\u00e1rcia tamb\u00e9m teve a pris\u00e3o decretada na mesma decis\u00e3o, e \u00e9 considerada foragida da Justi\u00e7a.<\/p>\n<p>Os pedidos de liberdade chegaram ao STJ no dia 7, depois que o Tribunal de Justi\u00e7a do Rio de Janeiro decidiu enviar os habeas corpus ao tribunal superior. A decis\u00e3o foi da\u00a0<a href=\"https:\/\/bahia.ba\/justica\/stj-vai-analisar-pedido-de-habeas-corpus-apresentado-pela-defesa-de-queiroz\/\" target=\"_blank\" rel=\"noopener noreferrer\"><strong>desembargadora Suimei Cavalieri<\/strong><\/a>.<\/p>\n<p>Coube ao ministro Noronha analisar o tema porque, pelas regras internas do tribunal, o presidente do STJ \u00e9 o respons\u00e1vel por decidir sobre quest\u00f5es urgentes no recesso do STJ. Na decis\u00e3o, o ex-assessor deve utilizar tornozeleira eletr\u00f4nica e n\u00e3o pode ter contato com outros investigados<\/p>\n<\/div>\n<\/div>\n<\/div>\n","protected":false},"excerpt":{"rendered":"<p>O presidente do Superior Tribunal de Justi\u00e7a (STJ), ministro Jo\u00e3o Ot\u00e1vio Noronha, concedeu pris\u00e3o domiciliar nesta quinta-feira (9), a Fabr\u00edcio Queiroz e \u00e0 mulher, M\u00e1rcia de Aguiar. Os dois tiveram ordem de pris\u00f5es preventivas decretadas no \u00e2mbito das investiga\u00e7\u00f5es da Opera\u00e7\u00e3o Anjo. Queiroz cumpre pris\u00e3o preventiva no complexo penitenci\u00e1rio de Bangu, no Rio, desde o [&hellip;]<\/p>\n","protected":false},"author":2,"featured_media":88252,"comment_status":"closed","ping_status":"open","sticky":false,"template":"","format":"standard","meta":{"footnotes":"","_links_to":"","_links_to_target":""},"categories":[1],"tags":[],"class_list":["post-88251","post","type-post","status-publish","format-standard","has-post-thumbnail","hentry","category-geral"],"views":825,"_links":{"self":[{"href":"https:\/\/www.sudoestehoje.com.br\/novoportal\/wp-json\/wp\/v2\/posts\/88251","targetHints":{"allow":["GET"]}}],"collection":[{"href":"https:\/\/www.sudoestehoje.com.br\/novoportal\/wp-json\/wp\/v2\/posts"}],"about":[{"href":"https:\/\/www.sudoestehoje.com.br\/novoportal\/wp-json\/wp\/v2\/types\/post"}],"author":[{"embeddable":true,"href":"https:\/\/www.sudoestehoje.com.br\/novoportal\/wp-json\/wp\/v2\/users\/2"}],"replies":[{"embeddable":true,"href":"https:\/\/www.sudoestehoje.com.br\/novoportal\/wp-json\/wp\/v2\/comments?post=88251"}],"version-history":[{"count":2,"href":"https:\/\/www.sudoestehoje.com.br\/novoportal\/wp-json\/wp\/v2\/posts\/88251\/revisions"}],"predecessor-version":[{"id":88254,"href":"https:\/\/www.sudoestehoje.com.br\/novoportal\/wp-json\/wp\/v2\/posts\/88251\/revisions\/88254"}],"wp:featuredmedia":[{"embeddable":true,"href":"https:\/\/www.sudoestehoje.com.br\/novoportal\/wp-json\/wp\/v2\/media\/88252"}],"wp:attachment":[{"href":"https:\/\/www.sudoestehoje.com.br\/novoportal\/wp-json\/wp\/v2\/media?parent=88251"}],"wp:term":[{"taxonomy":"category","embeddable":true,"href":"https:\/\/www.sudoestehoje.com.br\/novoportal\/wp-json\/wp\/v2\/categories?post=88251"},{"taxonomy":"post_tag","embeddable":true,"href":"https:\/\/www.sudoestehoje.com.br\/novoportal\/wp-json\/wp\/v2\/tags?post=88251"}],"curies":[{"name":"wp","href":"https:\/\/api.w.org\/{rel}","templated":true}]}}