
{"id":88247,"date":"2020-07-10T00:33:00","date_gmt":"2020-07-10T03:33:00","guid":{"rendered":"https:\/\/www.sudoestehoje.com.br\/novoportal\/?p=88247"},"modified":"2020-07-10T00:34:19","modified_gmt":"2020-07-10T03:34:19","slug":"fundador-da-ricardo-eletro-e-solto-um-dia-apos-prisao-por-sonegacao-de-impostos","status":"publish","type":"post","link":"https:\/\/www.sudoestehoje.com.br\/novoportal\/2020\/07\/10\/fundador-da-ricardo-eletro-e-solto-um-dia-apos-prisao-por-sonegacao-de-impostos\/","title":{"rendered":"FUNDADOR DA RICARDO ELETRO \u00c9 SOLTO UM DIA AP\u00d3S PRIS\u00c3O POR SONEGA\u00c7\u00c3O DE IMPOSTOS"},"content":{"rendered":"<p><a href=\"https:\/\/www.sudoestehoje.com.br\/novoportal\/wp-content\/uploads\/2020\/07\/RICARDO-ELETRO.jpg\"><img loading=\"lazy\" decoding=\"async\" class=\"aligncenter size-medium wp-image-88249\" src=\"https:\/\/www.sudoestehoje.com.br\/novoportal\/wp-content\/uploads\/2020\/07\/RICARDO-ELETRO-500x226.jpg\" alt=\"\" width=\"500\" height=\"226\" srcset=\"https:\/\/www.sudoestehoje.com.br\/novoportal\/wp-content\/uploads\/2020\/07\/RICARDO-ELETRO-500x226.jpg 500w, https:\/\/www.sudoestehoje.com.br\/novoportal\/wp-content\/uploads\/2020\/07\/RICARDO-ELETRO.jpg 700w\" sizes=\"auto, (max-width: 500px) 100vw, 500px\" \/><\/a><\/p>\n<p>O empres\u00e1rio Ricardo Nunes foi soltou nesta quinta-feira (9). O fundador da rede de lojas Ricardo Eletro deixou a delegacia em Contagem (MG) um dia ap\u00f3s ser preso, na quarta (8), na Opera\u00e7\u00e3o Direto com o Dono. Nunes \u00e9\u00a0apontado como principal benefici\u00e1rio de um esquema criminoso que desviou R$ 400 milh\u00f5es de cofres p\u00fablicos.<\/p>\n<p>Ao site do Valor Econ\u00f4mico, o advogado criminalista Marcelo Leonardo informou que ele foi liberado, j\u00e1 que dever tributos lan\u00e7ados na contabilidade e declarados ao fisco n\u00e3o \u00e9 crime. \u201cO entendimento recente do STF [Supremo Tribunal Federal] n\u00e3o pode ser aplicado retroativamente\u201d, afirmou.<\/p>\n<p>A opera\u00e7\u00e3o atingiu tamb\u00e9m Laura Nunes, filha do empres\u00e1rio, que foi liberada ap\u00f3s prestar depoimento \u00e0 Pol\u00edcia Civil. Ela chegou a ser detida, mas o mandado de pris\u00e3o expedido pela Vara de Inqu\u00e9ritos de Contagem (MG) foi revogado pela 3\u00aa Vara Criminal da cidade.<\/p>\n","protected":false},"excerpt":{"rendered":"<p>O empres\u00e1rio Ricardo Nunes foi soltou nesta quinta-feira (9). O fundador da rede de lojas Ricardo Eletro deixou a delegacia em Contagem (MG) um dia ap\u00f3s ser preso, na quarta (8), na Opera\u00e7\u00e3o Direto com o Dono. Nunes \u00e9\u00a0apontado como principal benefici\u00e1rio de um esquema criminoso que desviou R$ 400 milh\u00f5es de cofres p\u00fablicos. Ao [&hellip;]<\/p>\n","protected":false},"author":2,"featured_media":88249,"comment_status":"closed","ping_status":"open","sticky":false,"template":"","format":"standard","meta":{"footnotes":"","_links_to":"","_links_to_target":""},"categories":[1],"tags":[],"class_list":["post-88247","post","type-post","status-publish","format-standard","has-post-thumbnail","hentry","category-geral"],"views":837,"_links":{"self":[{"href":"https:\/\/www.sudoestehoje.com.br\/novoportal\/wp-json\/wp\/v2\/posts\/88247","targetHints":{"allow":["GET"]}}],"collection":[{"href":"https:\/\/www.sudoestehoje.com.br\/novoportal\/wp-json\/wp\/v2\/posts"}],"about":[{"href":"https:\/\/www.sudoestehoje.com.br\/novoportal\/wp-json\/wp\/v2\/types\/post"}],"author":[{"embeddable":true,"href":"https:\/\/www.sudoestehoje.com.br\/novoportal\/wp-json\/wp\/v2\/users\/2"}],"replies":[{"embeddable":true,"href":"https:\/\/www.sudoestehoje.com.br\/novoportal\/wp-json\/wp\/v2\/comments?post=88247"}],"version-history":[{"count":2,"href":"https:\/\/www.sudoestehoje.com.br\/novoportal\/wp-json\/wp\/v2\/posts\/88247\/revisions"}],"predecessor-version":[{"id":88250,"href":"https:\/\/www.sudoestehoje.com.br\/novoportal\/wp-json\/wp\/v2\/posts\/88247\/revisions\/88250"}],"wp:featuredmedia":[{"embeddable":true,"href":"https:\/\/www.sudoestehoje.com.br\/novoportal\/wp-json\/wp\/v2\/media\/88249"}],"wp:attachment":[{"href":"https:\/\/www.sudoestehoje.com.br\/novoportal\/wp-json\/wp\/v2\/media?parent=88247"}],"wp:term":[{"taxonomy":"category","embeddable":true,"href":"https:\/\/www.sudoestehoje.com.br\/novoportal\/wp-json\/wp\/v2\/categories?post=88247"},{"taxonomy":"post_tag","embeddable":true,"href":"https:\/\/www.sudoestehoje.com.br\/novoportal\/wp-json\/wp\/v2\/tags?post=88247"}],"curies":[{"name":"wp","href":"https:\/\/api.w.org\/{rel}","templated":true}]}}