
{"id":88243,"date":"2020-07-10T00:16:33","date_gmt":"2020-07-10T03:16:33","guid":{"rendered":"https:\/\/www.sudoestehoje.com.br\/novoportal\/?p=88243"},"modified":"2020-07-10T01:01:23","modified_gmt":"2020-07-10T04:01:23","slug":"governo-da-bahia-autoriza-tratamento-com-cloroquina-a-pacientes-com-coronavirus","status":"publish","type":"post","link":"https:\/\/www.sudoestehoje.com.br\/novoportal\/2020\/07\/10\/governo-da-bahia-autoriza-tratamento-com-cloroquina-a-pacientes-com-coronavirus\/","title":{"rendered":"GOVERNO DA BAHIA AUTORIZA TRATAMENTO COM CLOROQUINA A PACIENTES COM CORONAV\u00cdRUS"},"content":{"rendered":"<p><a href=\"https:\/\/www.sudoestehoje.com.br\/novoportal\/wp-content\/uploads\/2020\/07\/Cloroquina-bahia.jpg\"><img loading=\"lazy\" decoding=\"async\" class=\"aligncenter wp-image-88244\" src=\"https:\/\/www.sudoestehoje.com.br\/novoportal\/wp-content\/uploads\/2020\/07\/Cloroquina-bahia.jpg\" alt=\"\" width=\"500\" height=\"374\" \/><\/a><\/p>\n<p>O Governo do Estado da Bahia anunciou que vai liberar o uso da hidroxicloroquina para pacientes com diagn\u00f3stico positivo para a covid-19. A delibera\u00e7\u00e3o ocorreu durante reuni\u00e3o da comiss\u00e3o cient\u00edfica criada pela Secretaria da Sa\u00fade do Estado da Bahia (Sesab) realizada ontem.<\/p>\n<p>A hidroxocloroquina \u00e9 a vers\u00e3o menos t\u00f3xica da cloroquina, ponto de disc\u00f3rdia entre o presidente\u00a0<a href=\"https:\/\/noticias.uol.com.br\/politica\/governo-bolsonaro\/\">Jair Bolsonaro<\/a>\u00a0(sem partido) e governadores que defendem o isolamento social como medida mais eficaz de combate \u00e0 prolifera\u00e7\u00e3o do novo\u00a0<a href=\"https:\/\/www.uol.com.br\/vivabem\/noticias\/redacao\/2020\/01\/25\/tire-suas-principais-duvidas-sobre-o-coronavirus-que-se-espalha-pelo-mundo.htm\">coronav\u00edrus<\/a>.<\/p>\n<p>Na Bahia, ser\u00e1 disponibilizada para emprego no tratamento de pacientes que necessitarem de interna\u00e7\u00e3o na rede hospitalar p\u00fablica e privada em associa\u00e7\u00e3o com outro medicamento, a azitromicina. <em>\/\/ UOL<\/em><\/p>\n<p><iframe loading=\"lazy\" title=\"F\u00e1bio Vilas Boas divulga libera\u00e7\u00e3o da hidroxicloroquina\" width=\"500\" height=\"281\" src=\"https:\/\/www.youtube.com\/embed\/pH-TmkMIOzI?feature=oembed\" frameborder=\"0\" allow=\"accelerometer; autoplay; clipboard-write; encrypted-media; gyroscope; picture-in-picture; web-share\" referrerpolicy=\"strict-origin-when-cross-origin\" allowfullscreen><\/iframe><\/p>\n","protected":false},"excerpt":{"rendered":"<p>O Governo do Estado da Bahia anunciou que vai liberar o uso da hidroxicloroquina para pacientes com diagn\u00f3stico positivo para a covid-19. A delibera\u00e7\u00e3o ocorreu durante reuni\u00e3o da comiss\u00e3o cient\u00edfica criada pela Secretaria da Sa\u00fade do Estado da Bahia (Sesab) realizada ontem. A hidroxocloroquina \u00e9 a vers\u00e3o menos t\u00f3xica da cloroquina, ponto de disc\u00f3rdia entre [&hellip;]<\/p>\n","protected":false},"author":2,"featured_media":88244,"comment_status":"closed","ping_status":"open","sticky":false,"template":"","format":"standard","meta":{"footnotes":"","_links_to":"","_links_to_target":""},"categories":[1],"tags":[],"class_list":["post-88243","post","type-post","status-publish","format-standard","has-post-thumbnail","hentry","category-geral"],"views":5522,"_links":{"self":[{"href":"https:\/\/www.sudoestehoje.com.br\/novoportal\/wp-json\/wp\/v2\/posts\/88243","targetHints":{"allow":["GET"]}}],"collection":[{"href":"https:\/\/www.sudoestehoje.com.br\/novoportal\/wp-json\/wp\/v2\/posts"}],"about":[{"href":"https:\/\/www.sudoestehoje.com.br\/novoportal\/wp-json\/wp\/v2\/types\/post"}],"author":[{"embeddable":true,"href":"https:\/\/www.sudoestehoje.com.br\/novoportal\/wp-json\/wp\/v2\/users\/2"}],"replies":[{"embeddable":true,"href":"https:\/\/www.sudoestehoje.com.br\/novoportal\/wp-json\/wp\/v2\/comments?post=88243"}],"version-history":[{"count":4,"href":"https:\/\/www.sudoestehoje.com.br\/novoportal\/wp-json\/wp\/v2\/posts\/88243\/revisions"}],"predecessor-version":[{"id":88256,"href":"https:\/\/www.sudoestehoje.com.br\/novoportal\/wp-json\/wp\/v2\/posts\/88243\/revisions\/88256"}],"wp:featuredmedia":[{"embeddable":true,"href":"https:\/\/www.sudoestehoje.com.br\/novoportal\/wp-json\/wp\/v2\/media\/88244"}],"wp:attachment":[{"href":"https:\/\/www.sudoestehoje.com.br\/novoportal\/wp-json\/wp\/v2\/media?parent=88243"}],"wp:term":[{"taxonomy":"category","embeddable":true,"href":"https:\/\/www.sudoestehoje.com.br\/novoportal\/wp-json\/wp\/v2\/categories?post=88243"},{"taxonomy":"post_tag","embeddable":true,"href":"https:\/\/www.sudoestehoje.com.br\/novoportal\/wp-json\/wp\/v2\/tags?post=88243"}],"curies":[{"name":"wp","href":"https:\/\/api.w.org\/{rel}","templated":true}]}}