
{"id":88237,"date":"2020-07-09T22:27:35","date_gmt":"2020-07-10T01:27:35","guid":{"rendered":"https:\/\/www.sudoestehoje.com.br\/novoportal\/?p=88237"},"modified":"2020-07-10T00:34:36","modified_gmt":"2020-07-10T03:34:36","slug":"decisao-judicial-mantem-aberto-comercio-de-vitoria-da-conquista","status":"publish","type":"post","link":"https:\/\/www.sudoestehoje.com.br\/novoportal\/2020\/07\/09\/decisao-judicial-mantem-aberto-comercio-de-vitoria-da-conquista\/","title":{"rendered":"DECIS\u00c3O JUDICIAL MANT\u00c9M ABERTO COM\u00c9RCIO DE VIT\u00d3RIA DA CONQUISTA"},"content":{"rendered":"<p><a href=\"https:\/\/www.sudoestehoje.com.br\/novoportal\/wp-content\/uploads\/2020\/07\/CONQUISTA-ABERTA.jpg\"><img loading=\"lazy\" decoding=\"async\" class=\"aligncenter size-medium wp-image-88240\" src=\"https:\/\/www.sudoestehoje.com.br\/novoportal\/wp-content\/uploads\/2020\/07\/CONQUISTA-ABERTA-500x375.jpg\" alt=\"\" width=\"500\" height=\"375\" srcset=\"https:\/\/www.sudoestehoje.com.br\/novoportal\/wp-content\/uploads\/2020\/07\/CONQUISTA-ABERTA-500x375.jpg 500w, https:\/\/www.sudoestehoje.com.br\/novoportal\/wp-content\/uploads\/2020\/07\/CONQUISTA-ABERTA.jpg 696w\" sizes=\"auto, (max-width: 500px) 100vw, 500px\" \/><\/a><\/p>\n<p>A ju\u00edza M\u00e1rcia da Silva Abreu, da 1\u00aa Vara da Fazenda P\u00fablica de Vit\u00f3ria da Conquista, julgou improcedente a a\u00e7\u00e3o movida pelo Minist\u00e9rio P\u00fablico para o fechamento do com\u00e9rcio n\u00e3o essencial na cidade. A senten\u00e7a que manteve o com\u00e9rcio aberto saiu na final da tarde de quarta-feira (08).<br \/>\n.<br \/>\nNa decis\u00e3o, magistrada argumentou com base na Constitui\u00e7\u00e3o Federal que \u201ca municipalidade est\u00e1 adotando, dentro das atribui\u00e7\u00f5es que lhe s\u00e3o conferidas pelo artigo 30 da CF\/88, as provid\u00eancias que entende necess\u00e1rias e adequadas para poder harmonizar as medidas de combate \u00e0 expans\u00e3o da pandemia, com as atividades que, dentro da sociedade, mostram-se imperativas do ponto de vista econ\u00f4mico\u201d. A Justi\u00e7a tamb\u00e9m considerou, de acordo com informa da Prefeitura, a situa\u00e7\u00e3o dos leitos destinados ao tratamento de pacientes com covid-19.<br \/>\n.<br \/>\nTamb\u00e9m, nesta quarta-feira (08\/07), a gest\u00e3o municipal divulgou que o prefeito de Conquista, Herzem Gusm\u00e3o, foi at\u00e9 Bras\u00edlia (DF) e participou de reuni\u00e3o com o assessor especial do ministro interino da Sa\u00fade, Airton Soligo, para tratar de mais leitos nos hospitais e UTI no munic\u00edpio. Diante da reivindica\u00e7\u00e3o de Gusm\u00e3o, o assessor afirmou que os respiradores ser\u00e3o encaminhados ao Governo do Estado, como determina a legisla\u00e7\u00e3o, mas que daria garantias de que estes respiradores chegariam \u00e0 nossa cidade para ser, exclusivamente, utilizados em Conquista. <em>\/\/Mega R\u00e1dio VCA<\/em><\/p>\n","protected":false},"excerpt":{"rendered":"<p>A ju\u00edza M\u00e1rcia da Silva Abreu, da 1\u00aa Vara da Fazenda P\u00fablica de Vit\u00f3ria da Conquista, julgou improcedente a a\u00e7\u00e3o movida pelo Minist\u00e9rio P\u00fablico para o fechamento do com\u00e9rcio n\u00e3o essencial na cidade. A senten\u00e7a que manteve o com\u00e9rcio aberto saiu na final da tarde de quarta-feira (08). . Na decis\u00e3o, magistrada argumentou com base [&hellip;]<\/p>\n","protected":false},"author":2,"featured_media":88240,"comment_status":"closed","ping_status":"open","sticky":false,"template":"","format":"standard","meta":{"footnotes":"","_links_to":"","_links_to_target":""},"categories":[1],"tags":[],"class_list":["post-88237","post","type-post","status-publish","format-standard","has-post-thumbnail","hentry","category-geral"],"views":819,"_links":{"self":[{"href":"https:\/\/www.sudoestehoje.com.br\/novoportal\/wp-json\/wp\/v2\/posts\/88237","targetHints":{"allow":["GET"]}}],"collection":[{"href":"https:\/\/www.sudoestehoje.com.br\/novoportal\/wp-json\/wp\/v2\/posts"}],"about":[{"href":"https:\/\/www.sudoestehoje.com.br\/novoportal\/wp-json\/wp\/v2\/types\/post"}],"author":[{"embeddable":true,"href":"https:\/\/www.sudoestehoje.com.br\/novoportal\/wp-json\/wp\/v2\/users\/2"}],"replies":[{"embeddable":true,"href":"https:\/\/www.sudoestehoje.com.br\/novoportal\/wp-json\/wp\/v2\/comments?post=88237"}],"version-history":[{"count":3,"href":"https:\/\/www.sudoestehoje.com.br\/novoportal\/wp-json\/wp\/v2\/posts\/88237\/revisions"}],"predecessor-version":[{"id":88241,"href":"https:\/\/www.sudoestehoje.com.br\/novoportal\/wp-json\/wp\/v2\/posts\/88237\/revisions\/88241"}],"wp:featuredmedia":[{"embeddable":true,"href":"https:\/\/www.sudoestehoje.com.br\/novoportal\/wp-json\/wp\/v2\/media\/88240"}],"wp:attachment":[{"href":"https:\/\/www.sudoestehoje.com.br\/novoportal\/wp-json\/wp\/v2\/media?parent=88237"}],"wp:term":[{"taxonomy":"category","embeddable":true,"href":"https:\/\/www.sudoestehoje.com.br\/novoportal\/wp-json\/wp\/v2\/categories?post=88237"},{"taxonomy":"post_tag","embeddable":true,"href":"https:\/\/www.sudoestehoje.com.br\/novoportal\/wp-json\/wp\/v2\/tags?post=88237"}],"curies":[{"name":"wp","href":"https:\/\/api.w.org\/{rel}","templated":true}]}}