
{"id":8820,"date":"2011-09-17T22:44:22","date_gmt":"2011-09-18T01:44:22","guid":{"rendered":"http:\/\/www.sudoestehoje.com.br\/novoportal\/?p=8820"},"modified":"2011-09-17T22:44:22","modified_gmt":"2011-09-18T01:44:22","slug":"roberto-carlos-revela-no-jo-soares-que-lancara-cd-inedito","status":"publish","type":"post","link":"https:\/\/www.sudoestehoje.com.br\/novoportal\/2011\/09\/17\/roberto-carlos-revela-no-jo-soares-que-lancara-cd-inedito\/","title":{"rendered":"ROBERTO CARLOS REVELA NO J\u00d4 SOARES QUE LAN\u00c7AR\u00c1 CD IN\u00c9DITO"},"content":{"rendered":"<p style=\"text-align: center;\"><img decoding=\"async\" class=\"aligncenter\" src=\"http:\/\/s.glbimg.com\/jo\/g1\/f\/original\/2011\/09\/14\/rc2.jpg\" alt=\"\" width=\"400\" \/><\/p>\n<p>Aos f\u00e3s de Roberto Carlos, uma boa not\u00edcia: nesta quarta-feira (14) o cantor disse que pretende lan\u00e7ar no ano que vem um disco sobre amor, com m\u00fasicas in\u00e9ditas compostas por ele e Erasmo Carlos. \u201cH\u00e1 tr\u00eas anos, estou tentando lan\u00e7ar um CD com m\u00fasicas in\u00e9ditas, mas n\u00e3o deu porque sempre aconteceram outras coisas. Ent\u00e3o, o CD de in\u00e9ditas fica para o ano que vem\u201d, afirmou o artista na sa\u00edda dos est\u00fadios da TV Globo em S\u00e3o Paulo.<\/p>\n<p>Roberto Carlos participou do Programa do J\u00f4, em grava\u00e7\u00e3o de quase duas horas. Ele foi o \u00fanico convidado, preenchendo os tr\u00eas blocos com hist\u00f3rias sobre o transtorno obsessivo compulsivo (TOC), momentos de sua carreira e, claro, a recente viagem a Jerusal\u00e9m. A \u00faltima entrevista dele ao apresentador tinha sido h\u00e1 15 anos em outra emissora. O programa ser\u00e1 exibido nesta sexta-feira (16).<\/p>\n<p><strong><em> O Globo<\/em><\/strong><\/p>\n","protected":false},"excerpt":{"rendered":"<p>Aos f\u00e3s de Roberto Carlos, uma boa not\u00edcia: nesta quarta-feira (14) o cantor disse que pretende lan\u00e7ar no ano que vem um disco sobre amor, com m\u00fasicas in\u00e9ditas compostas por ele e Erasmo Carlos. \u201cH\u00e1 tr\u00eas anos, estou tentando lan\u00e7ar um CD com m\u00fasicas in\u00e9ditas, mas n\u00e3o deu porque sempre aconteceram outras coisas. Ent\u00e3o, o [&hellip;]<\/p>\n","protected":false},"author":2,"featured_media":0,"comment_status":"open","ping_status":"open","sticky":false,"template":"","format":"standard","meta":{"footnotes":"","_links_to":"","_links_to_target":""},"categories":[1],"tags":[],"class_list":["post-8820","post","type-post","status-publish","format-standard","hentry","category-geral"],"views":1173,"_links":{"self":[{"href":"https:\/\/www.sudoestehoje.com.br\/novoportal\/wp-json\/wp\/v2\/posts\/8820","targetHints":{"allow":["GET"]}}],"collection":[{"href":"https:\/\/www.sudoestehoje.com.br\/novoportal\/wp-json\/wp\/v2\/posts"}],"about":[{"href":"https:\/\/www.sudoestehoje.com.br\/novoportal\/wp-json\/wp\/v2\/types\/post"}],"author":[{"embeddable":true,"href":"https:\/\/www.sudoestehoje.com.br\/novoportal\/wp-json\/wp\/v2\/users\/2"}],"replies":[{"embeddable":true,"href":"https:\/\/www.sudoestehoje.com.br\/novoportal\/wp-json\/wp\/v2\/comments?post=8820"}],"version-history":[{"count":5,"href":"https:\/\/www.sudoestehoje.com.br\/novoportal\/wp-json\/wp\/v2\/posts\/8820\/revisions"}],"predecessor-version":[{"id":8825,"href":"https:\/\/www.sudoestehoje.com.br\/novoportal\/wp-json\/wp\/v2\/posts\/8820\/revisions\/8825"}],"wp:attachment":[{"href":"https:\/\/www.sudoestehoje.com.br\/novoportal\/wp-json\/wp\/v2\/media?parent=8820"}],"wp:term":[{"taxonomy":"category","embeddable":true,"href":"https:\/\/www.sudoestehoje.com.br\/novoportal\/wp-json\/wp\/v2\/categories?post=8820"},{"taxonomy":"post_tag","embeddable":true,"href":"https:\/\/www.sudoestehoje.com.br\/novoportal\/wp-json\/wp\/v2\/tags?post=8820"}],"curies":[{"name":"wp","href":"https:\/\/api.w.org\/{rel}","templated":true}]}}