
{"id":88132,"date":"2020-07-04T22:14:03","date_gmt":"2020-07-05T01:14:03","guid":{"rendered":"https:\/\/www.sudoestehoje.com.br\/novoportal\/?p=88132"},"modified":"2020-07-05T12:28:48","modified_gmt":"2020-07-05T15:28:48","slug":"itapetinga-camara-cidada-promove-live-com-secretario-de-saude-e-presidente-da-oab","status":"publish","type":"post","link":"https:\/\/www.sudoestehoje.com.br\/novoportal\/2020\/07\/04\/itapetinga-camara-cidada-promove-live-com-secretario-de-saude-e-presidente-da-oab\/","title":{"rendered":"ITAPETINGA: C\u00c2MARA CIDAD\u00c3 PROMOVE LIVE COM SECRET\u00c1RIO DE SA\u00daDE E PRESIDENTE DA OAB"},"content":{"rendered":"<p><a href=\"https:\/\/www.sudoestehoje.com.br\/novoportal\/wp-content\/uploads\/2020\/07\/BANNER-C\u00c2MARA-LIVE.jpeg\"><img loading=\"lazy\" decoding=\"async\" class=\"aligncenter size-medium wp-image-88133\" src=\"https:\/\/www.sudoestehoje.com.br\/novoportal\/wp-content\/uploads\/2020\/07\/BANNER-C\u00c2MARA-LIVE-500x501.jpeg\" alt=\"\" width=\"500\" height=\"501\" srcset=\"https:\/\/www.sudoestehoje.com.br\/novoportal\/wp-content\/uploads\/2020\/07\/BANNER-C\u00c2MARA-LIVE-500x501.jpeg 500w, https:\/\/www.sudoestehoje.com.br\/novoportal\/wp-content\/uploads\/2020\/07\/BANNER-C\u00c2MARA-LIVE-700x701.jpeg 700w, https:\/\/www.sudoestehoje.com.br\/novoportal\/wp-content\/uploads\/2020\/07\/BANNER-C\u00c2MARA-LIVE-150x150.jpeg 150w, https:\/\/www.sudoestehoje.com.br\/novoportal\/wp-content\/uploads\/2020\/07\/BANNER-C\u00c2MARA-LIVE.jpeg 768w\" sizes=\"auto, (max-width: 500px) 100vw, 500px\" \/><\/a><\/p>\n<p>Na pr\u00f3xima segunda-feira (6), \u00e0s 19 horas, a C\u00e2mara Municipal de Itapetinga vai promover mais uma live sobre a pandemia da Covid-19, desta vez com a participa\u00e7\u00e3o do secret\u00e1rio municipal de Sa\u00fade, Hugo Sousa, e do presidente da Subse\u00e7\u00e3o da Ordem dos Advogados do Brasil (OAB) em Itapetinga, Fabr\u00edcio Moreira.<\/p>\n<p>Os convidados v\u00e3o comentar o diagn\u00f3stico situacional da pandemia no munic\u00edpio de Itapetinga. Realizada por uma plataforma digital de videoconfer\u00eancia, a live ser\u00e1 transmitida pela Fascina\u00e7\u00e3o AM, Facebook\/camaraitapetingaoficial e pelo canal TV C\u00e2mara Itapetinga no YouTube, por meio do qual as pessoas poder\u00e3o enviar perguntas e coment\u00e1rios.<\/p>\n<p>Hugo Sousa est\u00e1 \u00e0 frente da Secretaria Municipal de Sa\u00fade h\u00e1 cerca de nove meses. Ele \u00e9 farmac\u00eautico e atuou na gest\u00e3o como coordenador de farm\u00e1cia de junho de 2018 a outubro de 2019, quando assumiu o cargo atual.<\/p>\n<p>Fabr\u00edcio Moreira est\u00e1 no quinto mandato como presidente da OAB Itapetinga. O advogado \u00e9 s\u00f3cio de um escrit\u00f3rio com 22 anos de hist\u00f3ria na cidade e tem atua\u00e7\u00e3o na \u00e1rea civil, trabalhista e de consumo. Atuou tamb\u00e9m como secret\u00e1rio e atendente judici\u00e1rio nos Juizados Especiais C\u00edveis de Itapetinga (TJ\/BA) entre 1998 e 2000.<\/p>\n<p>Esta ser\u00e1 a terceira live do projeto C\u00e2mara Cidad\u00e3, idealizado pela presidenta Naara Duarte (PSC), com o objetivo de promover debates sobre temas de interesse p\u00fablico e, assim, aproximar o Poder Legislativo da popula\u00e7\u00e3o na internet. At\u00e9 o momento, todas as lives abordaram assuntos relacionados \u00e0 pandemia da Covid-19.<\/p>\n<p><strong>Canais de transmiss\u00e3o:<\/strong><\/p>\n<ul>\n<li>TV C\u00e2mara Itapetinga no YouTube<\/li>\n<\/ul>\n<p><a href=\"https:\/\/www.youtube.com\/TVC%C3%A2maraItapetinga\">www.youtube.com\/TVC\u00e2maraItapetinga<\/a><\/p>\n<ul>\n<li>Facebook<\/li>\n<\/ul>\n<p><a href=\"https:\/\/www.facebook.com\/camaraitapetingaoficial\">www.facebook.com\/camaraitapetingaoficial<\/a><\/p>\n<ul>\n<li>R\u00e1dio Fascina\u00e7\u00e3o AM 1080<\/li>\n<\/ul>\n<p><a href=\"https:\/\/www.radiofascinacao.com.br\/\">www.radiofascinacao.com.br\/<\/a><\/p>\n","protected":false},"excerpt":{"rendered":"<p>Na pr\u00f3xima segunda-feira (6), \u00e0s 19 horas, a C\u00e2mara Municipal de Itapetinga vai promover mais uma live sobre a pandemia da Covid-19, desta vez com a participa\u00e7\u00e3o do secret\u00e1rio municipal de Sa\u00fade, Hugo Sousa, e do presidente da Subse\u00e7\u00e3o da Ordem dos Advogados do Brasil (OAB) em Itapetinga, Fabr\u00edcio Moreira. Os convidados v\u00e3o comentar o [&hellip;]<\/p>\n","protected":false},"author":2,"featured_media":88133,"comment_status":"closed","ping_status":"open","sticky":false,"template":"","format":"standard","meta":{"footnotes":"","_links_to":"","_links_to_target":""},"categories":[1],"tags":[],"class_list":["post-88132","post","type-post","status-publish","format-standard","has-post-thumbnail","hentry","category-geral"],"views":1149,"_links":{"self":[{"href":"https:\/\/www.sudoestehoje.com.br\/novoportal\/wp-json\/wp\/v2\/posts\/88132","targetHints":{"allow":["GET"]}}],"collection":[{"href":"https:\/\/www.sudoestehoje.com.br\/novoportal\/wp-json\/wp\/v2\/posts"}],"about":[{"href":"https:\/\/www.sudoestehoje.com.br\/novoportal\/wp-json\/wp\/v2\/types\/post"}],"author":[{"embeddable":true,"href":"https:\/\/www.sudoestehoje.com.br\/novoportal\/wp-json\/wp\/v2\/users\/2"}],"replies":[{"embeddable":true,"href":"https:\/\/www.sudoestehoje.com.br\/novoportal\/wp-json\/wp\/v2\/comments?post=88132"}],"version-history":[{"count":1,"href":"https:\/\/www.sudoestehoje.com.br\/novoportal\/wp-json\/wp\/v2\/posts\/88132\/revisions"}],"predecessor-version":[{"id":88134,"href":"https:\/\/www.sudoestehoje.com.br\/novoportal\/wp-json\/wp\/v2\/posts\/88132\/revisions\/88134"}],"wp:featuredmedia":[{"embeddable":true,"href":"https:\/\/www.sudoestehoje.com.br\/novoportal\/wp-json\/wp\/v2\/media\/88133"}],"wp:attachment":[{"href":"https:\/\/www.sudoestehoje.com.br\/novoportal\/wp-json\/wp\/v2\/media?parent=88132"}],"wp:term":[{"taxonomy":"category","embeddable":true,"href":"https:\/\/www.sudoestehoje.com.br\/novoportal\/wp-json\/wp\/v2\/categories?post=88132"},{"taxonomy":"post_tag","embeddable":true,"href":"https:\/\/www.sudoestehoje.com.br\/novoportal\/wp-json\/wp\/v2\/tags?post=88132"}],"curies":[{"name":"wp","href":"https:\/\/api.w.org\/{rel}","templated":true}]}}