
{"id":88087,"date":"2020-07-03T18:59:45","date_gmt":"2020-07-03T21:59:45","guid":{"rendered":"https:\/\/www.sudoestehoje.com.br\/novoportal\/?p=88087"},"modified":"2020-07-03T20:41:39","modified_gmt":"2020-07-03T23:41:39","slug":"bahia-dobra-o-numero-de-mortos-por-covid-19-em-menos-de-um-mes","status":"publish","type":"post","link":"https:\/\/www.sudoestehoje.com.br\/novoportal\/2020\/07\/03\/bahia-dobra-o-numero-de-mortos-por-covid-19-em-menos-de-um-mes\/","title":{"rendered":"BAHIA DOBRA O N\u00daMERO DE MORTOS POR COVID-19 EM MENOS DE UM M\u00caS"},"content":{"rendered":"<p><a href=\"https:\/\/www.sudoestehoje.com.br\/novoportal\/wp-content\/uploads\/2020\/07\/MORTES-BAHIA.jpg\"><img loading=\"lazy\" decoding=\"async\" class=\"aligncenter size-medium wp-image-88088\" src=\"https:\/\/www.sudoestehoje.com.br\/novoportal\/wp-content\/uploads\/2020\/07\/MORTES-BAHIA-500x311.jpg\" alt=\"\" width=\"500\" height=\"311\" srcset=\"https:\/\/www.sudoestehoje.com.br\/novoportal\/wp-content\/uploads\/2020\/07\/MORTES-BAHIA-500x311.jpg 500w, https:\/\/www.sudoestehoje.com.br\/novoportal\/wp-content\/uploads\/2020\/07\/MORTES-BAHIA-700x436.jpg 700w, https:\/\/www.sudoestehoje.com.br\/novoportal\/wp-content\/uploads\/2020\/07\/MORTES-BAHIA-768x478.jpg 768w, https:\/\/www.sudoestehoje.com.br\/novoportal\/wp-content\/uploads\/2020\/07\/MORTES-BAHIA.jpg 940w\" sizes=\"auto, (max-width: 500px) 100vw, 500px\" \/><\/a><\/p>\n<p>A Bahia registrou uma triste marca nesta sexta-feira (3): ultrapassou o n\u00famero de 2 mil pessoas mortas pelo novo coronav\u00edrus no estado. As informa\u00e7\u00f5es s\u00e3o da Secretaria de Sa\u00fade da Bahia.<\/p>\n<p class=\"bodytext\">No boletim divulgado nesta sexta, a Bahia aparece com <strong>54 novos registros de mortes<\/strong> pela covid-19, chegando a 2.001 v\u00edtimas fatais da doen\u00e7a. O n\u00famero de casos confirmados tamb\u00e9m cresceu. <strong>Com 2.965 novas confirma\u00e7\u00f5es, j\u00e1 s\u00e3o 82.314 os infectados no estado<\/strong>.\u00a0Desse total, 54.987 j\u00e1 s\u00e3o considerados curados e 25.326 encontram-se ativos.<\/p>\n<p class=\"bodytext\">O primeiro caso de coronav\u00edrus na Bahia foi registrado no dia 6 de mar\u00e7o, em Feira de Santana, enquanto a primeira morte foi registrada no dia 29 do mesmo m\u00eas, em Salvador. Cerca de tr\u00eas meses depois\u00a0da chegada da pandemia, em 11 de junho, um recorde que ningu\u00e9m queria:\u00a0<a href=\"https:\/\/www.correio24horas.com.br\/noticia\/nid\/mil-vidas-perdidas-bahia-chega-a-mil-mortos-por-covid-19-homens-sao-maioria\/\">mil mortos<\/a>. Agora, no dia 3 de julho, o n\u00famero avan\u00e7a para 2 mil que perderam essa batalha. Ou seja, em menos de um m\u00eas o n\u00famero de mortes dobrou. <strong><em>\/\/Correios<\/em><\/strong><\/p>\n","protected":false},"excerpt":{"rendered":"<p>A Bahia registrou uma triste marca nesta sexta-feira (3): ultrapassou o n\u00famero de 2 mil pessoas mortas pelo novo coronav\u00edrus no estado. As informa\u00e7\u00f5es s\u00e3o da Secretaria de Sa\u00fade da Bahia. No boletim divulgado nesta sexta, a Bahia aparece com 54 novos registros de mortes pela covid-19, chegando a 2.001 v\u00edtimas fatais da doen\u00e7a. O [&hellip;]<\/p>\n","protected":false},"author":2,"featured_media":88088,"comment_status":"closed","ping_status":"open","sticky":false,"template":"","format":"standard","meta":{"footnotes":"","_links_to":"","_links_to_target":""},"categories":[1],"tags":[],"class_list":["post-88087","post","type-post","status-publish","format-standard","has-post-thumbnail","hentry","category-geral"],"views":895,"_links":{"self":[{"href":"https:\/\/www.sudoestehoje.com.br\/novoportal\/wp-json\/wp\/v2\/posts\/88087","targetHints":{"allow":["GET"]}}],"collection":[{"href":"https:\/\/www.sudoestehoje.com.br\/novoportal\/wp-json\/wp\/v2\/posts"}],"about":[{"href":"https:\/\/www.sudoestehoje.com.br\/novoportal\/wp-json\/wp\/v2\/types\/post"}],"author":[{"embeddable":true,"href":"https:\/\/www.sudoestehoje.com.br\/novoportal\/wp-json\/wp\/v2\/users\/2"}],"replies":[{"embeddable":true,"href":"https:\/\/www.sudoestehoje.com.br\/novoportal\/wp-json\/wp\/v2\/comments?post=88087"}],"version-history":[{"count":2,"href":"https:\/\/www.sudoestehoje.com.br\/novoportal\/wp-json\/wp\/v2\/posts\/88087\/revisions"}],"predecessor-version":[{"id":88090,"href":"https:\/\/www.sudoestehoje.com.br\/novoportal\/wp-json\/wp\/v2\/posts\/88087\/revisions\/88090"}],"wp:featuredmedia":[{"embeddable":true,"href":"https:\/\/www.sudoestehoje.com.br\/novoportal\/wp-json\/wp\/v2\/media\/88088"}],"wp:attachment":[{"href":"https:\/\/www.sudoestehoje.com.br\/novoportal\/wp-json\/wp\/v2\/media?parent=88087"}],"wp:term":[{"taxonomy":"category","embeddable":true,"href":"https:\/\/www.sudoestehoje.com.br\/novoportal\/wp-json\/wp\/v2\/categories?post=88087"},{"taxonomy":"post_tag","embeddable":true,"href":"https:\/\/www.sudoestehoje.com.br\/novoportal\/wp-json\/wp\/v2\/tags?post=88087"}],"curies":[{"name":"wp","href":"https:\/\/api.w.org\/{rel}","templated":true}]}}