
{"id":8808,"date":"2011-09-17T20:19:30","date_gmt":"2011-09-17T23:19:30","guid":{"rendered":"http:\/\/www.sudoestehoje.com.br\/novoportal\/?p=8808"},"modified":"2011-09-17T20:19:30","modified_gmt":"2011-09-17T23:19:30","slug":"lula-e-haddad-sao-vaiados-no-abc","status":"publish","type":"post","link":"https:\/\/www.sudoestehoje.com.br\/novoportal\/2011\/09\/17\/lula-e-haddad-sao-vaiados-no-abc\/","title":{"rendered":"LULA E HADDAD S\u00c3O VAIADOS NO ABC"},"content":{"rendered":"<p style=\"text-align: center;\"><img decoding=\"async\" class=\"aligncenter\" src=\"http:\/\/www.bahianoticias.com.br\/fotos\/principal_noticias\/102867\/IMAGEM_NOTICIA_5.jpg\" alt=\"Lula e Haddad s\u00e3o vaiados no ABC\" width=\"400\" \/><\/p>\n<p>O ex-presidente Luiz In\u00e1cio Lula da Silva saiu em defesa, nesta sexta-feira (16) do seu pr\u00e9-candidato \u00e0 Prefeitura de S\u00e3o Paulo, o ministro Fernando Haddad (Educa\u00e7\u00e3o), que foi vaiado em cerim\u00f4nia no ABC paulista. Foi a segunda vez nesta semana que Haddad foi hostilizado em evento p\u00fablico. Antes, na quarta-feira (14), ele foi recebido com vaias em um evento na USP. S\u00f3 que o carisma do ex-presidente n\u00e3o resolveu muito e ele foi vaiado tamb\u00e9m, por cerca de 20 estudantes ligados ao PSOL e ao PSTU. O evento era em comemora\u00e7\u00e3o dos cinco anos da Universidade Federal do ABC, em Santo Andr\u00e9. Lula chegou a perder a paci\u00eancia com os estudantes. &#8220;Gritar \u00e9 bom, mas ter responsabilidade \u00e9 muito melhor&#8221;, afirmou, em cima de um palco em uma tenda no campus. Os estudantes reivindicavam o investimento de 10% do Produto Interno Bruto (PIB) em educa\u00e7\u00e3o. &#8220;Haddad, eu n\u00e3o me engano, 7% \u00e9 proposta de tucano&#8221;, gritavam. O ministro respondeu: &#8220;<em>Infelizmente, a direita conservadora conta com o apoio da esquerda conservadora para evitar o progresso do nosso Pa\u00eds&#8221;. BN<\/em><\/p>\n","protected":false},"excerpt":{"rendered":"<p>O ex-presidente Luiz In\u00e1cio Lula da Silva saiu em defesa, nesta sexta-feira (16) do seu pr\u00e9-candidato \u00e0 Prefeitura de S\u00e3o Paulo, o ministro Fernando Haddad (Educa\u00e7\u00e3o), que foi vaiado em cerim\u00f4nia no ABC paulista. Foi a segunda vez nesta semana que Haddad foi hostilizado em evento p\u00fablico. Antes, na quarta-feira (14), ele foi recebido com [&hellip;]<\/p>\n","protected":false},"author":2,"featured_media":0,"comment_status":"open","ping_status":"open","sticky":false,"template":"","format":"standard","meta":{"footnotes":"","_links_to":"","_links_to_target":""},"categories":[1],"tags":[],"class_list":["post-8808","post","type-post","status-publish","format-standard","hentry","category-geral"],"views":1269,"_links":{"self":[{"href":"https:\/\/www.sudoestehoje.com.br\/novoportal\/wp-json\/wp\/v2\/posts\/8808","targetHints":{"allow":["GET"]}}],"collection":[{"href":"https:\/\/www.sudoestehoje.com.br\/novoportal\/wp-json\/wp\/v2\/posts"}],"about":[{"href":"https:\/\/www.sudoestehoje.com.br\/novoportal\/wp-json\/wp\/v2\/types\/post"}],"author":[{"embeddable":true,"href":"https:\/\/www.sudoestehoje.com.br\/novoportal\/wp-json\/wp\/v2\/users\/2"}],"replies":[{"embeddable":true,"href":"https:\/\/www.sudoestehoje.com.br\/novoportal\/wp-json\/wp\/v2\/comments?post=8808"}],"version-history":[{"count":3,"href":"https:\/\/www.sudoestehoje.com.br\/novoportal\/wp-json\/wp\/v2\/posts\/8808\/revisions"}],"predecessor-version":[{"id":8811,"href":"https:\/\/www.sudoestehoje.com.br\/novoportal\/wp-json\/wp\/v2\/posts\/8808\/revisions\/8811"}],"wp:attachment":[{"href":"https:\/\/www.sudoestehoje.com.br\/novoportal\/wp-json\/wp\/v2\/media?parent=8808"}],"wp:term":[{"taxonomy":"category","embeddable":true,"href":"https:\/\/www.sudoestehoje.com.br\/novoportal\/wp-json\/wp\/v2\/categories?post=8808"},{"taxonomy":"post_tag","embeddable":true,"href":"https:\/\/www.sudoestehoje.com.br\/novoportal\/wp-json\/wp\/v2\/tags?post=8808"}],"curies":[{"name":"wp","href":"https:\/\/api.w.org\/{rel}","templated":true}]}}