
{"id":88054,"date":"2020-07-02T12:09:42","date_gmt":"2020-07-02T15:09:42","guid":{"rendered":"https:\/\/www.sudoestehoje.com.br\/novoportal\/?p=88054"},"modified":"2020-07-02T20:14:20","modified_gmt":"2020-07-02T23:14:20","slug":"itapetinga-tem-toque-de-recolher-a-partir-das-19-horas-desta-quinta","status":"publish","type":"post","link":"https:\/\/www.sudoestehoje.com.br\/novoportal\/2020\/07\/02\/itapetinga-tem-toque-de-recolher-a-partir-das-19-horas-desta-quinta\/","title":{"rendered":"ITAPETINGA TEM &#8216;TOQUE DE RECOLHER&#8217; A PARTIR DAS 19 HORAS DESTA QUINTA"},"content":{"rendered":"<p><a href=\"https:\/\/www.sudoestehoje.com.br\/novoportal\/wp-content\/uploads\/2020\/07\/pra\u00e7a-Dairy-Valley.jpg\"><img loading=\"lazy\" decoding=\"async\" class=\"aligncenter size-medium wp-image-88056\" src=\"https:\/\/www.sudoestehoje.com.br\/novoportal\/wp-content\/uploads\/2020\/07\/pra\u00e7a-Dairy-Valley-500x375.jpg\" alt=\"\" width=\"500\" height=\"375\" srcset=\"https:\/\/www.sudoestehoje.com.br\/novoportal\/wp-content\/uploads\/2020\/07\/pra\u00e7a-Dairy-Valley-500x375.jpg 500w, https:\/\/www.sudoestehoje.com.br\/novoportal\/wp-content\/uploads\/2020\/07\/pra\u00e7a-Dairy-Valley.jpg 550w\" sizes=\"auto, (max-width: 500px) 100vw, 500px\" \/><\/a><\/p>\n<p>A partir das 19h desta quinta-feira (2), tem in\u00edcio em Itapetinga o <strong><em>TOQUE DE RECOLHER<\/em><\/strong> decretado pelo prefeito Rodrigo Hagge, numa tentativa de evitar a propaga\u00e7\u00e3o do Coronav\u00edrus no munic\u00edpio, que nos \u00faltimos dias tomou contornos preocupantes.<\/p>\n<p>A medida tem in\u00edcio \u00e0s 19h e encerramento \u00e0s 05h do dia seguinte, e vigora at\u00e9 o dia 19 de julho pr\u00f3ximo. <strong>O toque de Recolher se tornou necess\u00e1rio diante da falta de conscientiza\u00e7\u00e3o de grande parte da popula\u00e7\u00e3o, que n\u00e3o vem respeitando as normas de distanciamento e isolamento social.\u00a0<\/strong><\/p>\n<p><strong><em>Com\u00e9rcio<\/em><\/strong><\/p>\n<p>Atrav\u00e9s do novo decreto, ficou permitido o funcionamento de todo o com\u00e9rcio, por\u00e9m em hor\u00e1rio restrito, das 8h \u00e0s 14h. Apenas servi\u00e7os essenciais, como supermercados e farm\u00e1cias, poder\u00e3o funcionar at\u00e9 \u00e0s 16h.<\/p>\n<p><strong><em>Est\u00e3o fechados<\/em><\/strong><\/p>\n<p>Bares, restaurantes, lanchonetes, clubes, casas de eventos e associa\u00e7\u00f5es esportivas ter\u00e3o suas atividades suspensas. Apenas o servi\u00e7o de delivery permanecer\u00e1 permitido com encerramento \u00e0s 00h. O drive thru tamb\u00e9m est\u00e1 suspenso.<\/p>\n<p><strong><em>Transporte<\/em><\/strong><\/p>\n<p>O transporte p\u00fablico funcionar\u00e1 at\u00e9 \u00e0s 19h, permanecendo com as medidas de seguran\u00e7a j\u00e1 estipuladas como limite de lota\u00e7\u00e3o, disponibilidade de \u00e1lcool 70% e intensifica\u00e7\u00e3o na higieniza\u00e7\u00e3o dos carros e terminais.<\/p>\n<p><strong><em>Protocolo de contingenciamento<\/em><\/strong><\/p>\n<p>A prefeitura ir\u00e1 fazer documento \u00e0s empresas instaladas no munic\u00edpio determinando protocolo de contingenciamento que inclui testagens por amostragem e medidas de seguran\u00e7a nos postos de trabalho e, inclusive, em refeit\u00f3rios e \u00e1reas de conviv\u00eancia.<\/p>\n<p><strong><em>Penalidades<\/em><\/strong><\/p>\n<p>Quem descumprir o decreto poder\u00e1 ser multado. Pessoas f\u00edsicas ter\u00e3o multa de R$ 175,00 e Pessoa Jur\u00eddica de R$ 1750,00 que pode ser cobrada em dobro em caso de reincid\u00eancia.<\/p>\n<p>Veja mais determina\u00e7\u00f5es no decreto:<\/p>\n<div class=\"wp-block-file\"><a href=\"http:\/\/www.itapetinga.ba.gov.br\/wp-content\/uploads\/2020\/06\/DOE-ba_itapetinga-ed.2.409-ano.10.pdf\">DOE-ba_itapetinga-ed.2.409-ano.10<\/a><a class=\"wp-block-file__button nolightbox\" href=\"http:\/\/www.itapetinga.ba.gov.br\/wp-content\/uploads\/2020\/06\/DOE-ba_itapetinga-ed.2.409-ano.10.pdf\" download=\"\">Baixar<\/a><\/div>\n<p>&nbsp;<\/p>\n<p>&nbsp;<\/p>\n","protected":false},"excerpt":{"rendered":"<p>A partir das 19h desta quinta-feira (2), tem in\u00edcio em Itapetinga o TOQUE DE RECOLHER decretado pelo prefeito Rodrigo Hagge, numa tentativa de evitar a propaga\u00e7\u00e3o do Coronav\u00edrus no munic\u00edpio, que nos \u00faltimos dias tomou contornos preocupantes. A medida tem in\u00edcio \u00e0s 19h e encerramento \u00e0s 05h do dia seguinte, e vigora at\u00e9 o dia [&hellip;]<\/p>\n","protected":false},"author":2,"featured_media":88056,"comment_status":"closed","ping_status":"open","sticky":false,"template":"","format":"standard","meta":{"footnotes":"","_links_to":"","_links_to_target":""},"categories":[1],"tags":[],"class_list":["post-88054","post","type-post","status-publish","format-standard","has-post-thumbnail","hentry","category-geral"],"views":1095,"_links":{"self":[{"href":"https:\/\/www.sudoestehoje.com.br\/novoportal\/wp-json\/wp\/v2\/posts\/88054","targetHints":{"allow":["GET"]}}],"collection":[{"href":"https:\/\/www.sudoestehoje.com.br\/novoportal\/wp-json\/wp\/v2\/posts"}],"about":[{"href":"https:\/\/www.sudoestehoje.com.br\/novoportal\/wp-json\/wp\/v2\/types\/post"}],"author":[{"embeddable":true,"href":"https:\/\/www.sudoestehoje.com.br\/novoportal\/wp-json\/wp\/v2\/users\/2"}],"replies":[{"embeddable":true,"href":"https:\/\/www.sudoestehoje.com.br\/novoportal\/wp-json\/wp\/v2\/comments?post=88054"}],"version-history":[{"count":3,"href":"https:\/\/www.sudoestehoje.com.br\/novoportal\/wp-json\/wp\/v2\/posts\/88054\/revisions"}],"predecessor-version":[{"id":88058,"href":"https:\/\/www.sudoestehoje.com.br\/novoportal\/wp-json\/wp\/v2\/posts\/88054\/revisions\/88058"}],"wp:featuredmedia":[{"embeddable":true,"href":"https:\/\/www.sudoestehoje.com.br\/novoportal\/wp-json\/wp\/v2\/media\/88056"}],"wp:attachment":[{"href":"https:\/\/www.sudoestehoje.com.br\/novoportal\/wp-json\/wp\/v2\/media?parent=88054"}],"wp:term":[{"taxonomy":"category","embeddable":true,"href":"https:\/\/www.sudoestehoje.com.br\/novoportal\/wp-json\/wp\/v2\/categories?post=88054"},{"taxonomy":"post_tag","embeddable":true,"href":"https:\/\/www.sudoestehoje.com.br\/novoportal\/wp-json\/wp\/v2\/tags?post=88054"}],"curies":[{"name":"wp","href":"https:\/\/api.w.org\/{rel}","templated":true}]}}