
{"id":88034,"date":"2020-07-01T18:41:52","date_gmt":"2020-07-01T21:41:52","guid":{"rendered":"https:\/\/www.sudoestehoje.com.br\/novoportal\/?p=88034"},"modified":"2020-07-02T11:35:51","modified_gmt":"2020-07-02T14:35:51","slug":"mp-quer-que-prefeituras-de-ibicui-iguai-e-nova-canaa-divulguem-gastos-na-pandemia","status":"publish","type":"post","link":"https:\/\/www.sudoestehoje.com.br\/novoportal\/2020\/07\/01\/mp-quer-que-prefeituras-de-ibicui-iguai-e-nova-canaa-divulguem-gastos-na-pandemia\/","title":{"rendered":"MP QUER QUE PREFEITURAS DE IBICU\u00cd, IGUA\u00cd E NOVA CANA\u00c3 DIVULGUEM GASTOS NA PANDEMIA"},"content":{"rendered":"<div id=\"attachment_88036\" style=\"width: 510px\" class=\"wp-caption aligncenter\"><a href=\"https:\/\/www.sudoestehoje.com.br\/novoportal\/wp-content\/uploads\/2020\/07\/igua\u00ed-aeria-639x445-1.jpg\"><img loading=\"lazy\" decoding=\"async\" aria-describedby=\"caption-attachment-88036\" class=\"size-medium wp-image-88036\" src=\"https:\/\/www.sudoestehoje.com.br\/novoportal\/wp-content\/uploads\/2020\/07\/igua\u00ed-aeria-639x445-1-500x348.jpg\" alt=\"\" width=\"500\" height=\"348\" srcset=\"https:\/\/www.sudoestehoje.com.br\/novoportal\/wp-content\/uploads\/2020\/07\/igua\u00ed-aeria-639x445-1-500x348.jpg 500w, https:\/\/www.sudoestehoje.com.br\/novoportal\/wp-content\/uploads\/2020\/07\/igua\u00ed-aeria-639x445-1.jpg 639w\" sizes=\"auto, (max-width: 500px) 100vw, 500px\" \/><\/a><p id=\"caption-attachment-88036\" class=\"wp-caption-text\"><em><strong>O munic\u00edpio de Igua\u00ed ter\u00e1 que divulgar gastos com o combate \u00e0 Covid-19<\/strong><\/em><\/p><\/div>\n<p class=\"rtejustify\">O Minist\u00e9rio P\u00fablico estadual recomendou \u00e0s gest\u00f5es municipais de Ibicu\u00ed, Igua\u00ed e Nova Cana\u00e3 que deem ampla publicidade e transpar\u00eancia aos gastos p\u00fablicos e medidas administrativas de assist\u00eancia \u00e0 sa\u00fade no enfrentamento da pandemia do coronav\u00edrus.<\/p>\n<p class=\"rtejustify\">\u201cAs recentes flexibiliza\u00e7\u00f5es legislativas em torno dos processos de aquisi\u00e7\u00e3o e contrata\u00e7\u00f5es para enfrentamento da pandemia exigem a ado\u00e7\u00e3o de redobradas cautelas com a gest\u00e3o do patrim\u00f4nio p\u00fablico, de modo a propiciar a ampla fiscaliza\u00e7\u00e3o social e pelos \u00f3rg\u00e3os do sistema de controle formal\u201d, destacou a promotora de Justi\u00e7a Solange Anat\u00f3lio do Esp\u00edrito Santo, autora da recomenda\u00e7\u00e3o.<\/p>\n<p class=\"rtejustify\">No documento, o MP orientou que as administra\u00e7\u00f5es municipais divulguem e atualizem constantemente o Plano Municipal de Conting\u00eancias, disponibilizando ao Poder P\u00fablico e \u00e0 sociedade diversas informa\u00e7\u00f5es sanit\u00e1rias, tais como, n\u00famero de leitos dispon\u00edveis de enfermaria e de UTI dispon\u00edveis nos Munic\u00edpios, ativos, em implanta\u00e7\u00e3o ou interditados; n\u00famero de casos de Covid-19 confirmados e suspeitos; quantitativo de testes realizados com os respectivos resultados; quantidade de amostras aguardando processamento; e o n\u00famero de \u00f3bitos.<\/p>\n<p class=\"rtejustify\">As prefeituras devem divulgar tamb\u00e9m, em prazo n\u00e3o superior a 15 dias \u00fateis, informa\u00e7\u00f5es atualizadas acerca dos recursos destinados ao enfrentamento da Covid-19 e informa\u00e7\u00f5es sobre contrata\u00e7\u00f5es e aquisi\u00e7\u00f5es em per\u00edodos de emerg\u00eancia em formatos de dados abertos, garantindo sua acessibilidade para diferentes tipos de p\u00fablico.<\/p>\n<p class=\"rtejustify\">O MP recomendou ainda que os Munic\u00edpios publiquem informa\u00e7\u00f5es acerca de contrata\u00e7\u00f5es e aquisi\u00e7\u00f5es p\u00fablicas realizadas com base na Lei 13.979\/2020, em site oficial espec\u00edfico e exclusivo, explicitando-se, dentre outros, o nome do contratado, o n\u00famero da sua inscri\u00e7\u00e3o da Receita Federal do Brasil, o prazo contratual e o respectivo processo de contrata\u00e7\u00e3o ou aquisi\u00e7\u00e3o.<em> \/\/Pimenta<\/em><\/p>\n","protected":false},"excerpt":{"rendered":"<p>O Minist\u00e9rio P\u00fablico estadual recomendou \u00e0s gest\u00f5es municipais de Ibicu\u00ed, Igua\u00ed e Nova Cana\u00e3 que deem ampla publicidade e transpar\u00eancia aos gastos p\u00fablicos e medidas administrativas de assist\u00eancia \u00e0 sa\u00fade no enfrentamento da pandemia do coronav\u00edrus. \u201cAs recentes flexibiliza\u00e7\u00f5es legislativas em torno dos processos de aquisi\u00e7\u00e3o e contrata\u00e7\u00f5es para enfrentamento da pandemia exigem a ado\u00e7\u00e3o [&hellip;]<\/p>\n","protected":false},"author":2,"featured_media":88036,"comment_status":"closed","ping_status":"open","sticky":false,"template":"","format":"standard","meta":{"footnotes":"","_links_to":"","_links_to_target":""},"categories":[1],"tags":[],"class_list":["post-88034","post","type-post","status-publish","format-standard","has-post-thumbnail","hentry","category-geral"],"views":979,"_links":{"self":[{"href":"https:\/\/www.sudoestehoje.com.br\/novoportal\/wp-json\/wp\/v2\/posts\/88034","targetHints":{"allow":["GET"]}}],"collection":[{"href":"https:\/\/www.sudoestehoje.com.br\/novoportal\/wp-json\/wp\/v2\/posts"}],"about":[{"href":"https:\/\/www.sudoestehoje.com.br\/novoportal\/wp-json\/wp\/v2\/types\/post"}],"author":[{"embeddable":true,"href":"https:\/\/www.sudoestehoje.com.br\/novoportal\/wp-json\/wp\/v2\/users\/2"}],"replies":[{"embeddable":true,"href":"https:\/\/www.sudoestehoje.com.br\/novoportal\/wp-json\/wp\/v2\/comments?post=88034"}],"version-history":[{"count":3,"href":"https:\/\/www.sudoestehoje.com.br\/novoportal\/wp-json\/wp\/v2\/posts\/88034\/revisions"}],"predecessor-version":[{"id":88038,"href":"https:\/\/www.sudoestehoje.com.br\/novoportal\/wp-json\/wp\/v2\/posts\/88034\/revisions\/88038"}],"wp:featuredmedia":[{"embeddable":true,"href":"https:\/\/www.sudoestehoje.com.br\/novoportal\/wp-json\/wp\/v2\/media\/88036"}],"wp:attachment":[{"href":"https:\/\/www.sudoestehoje.com.br\/novoportal\/wp-json\/wp\/v2\/media?parent=88034"}],"wp:term":[{"taxonomy":"category","embeddable":true,"href":"https:\/\/www.sudoestehoje.com.br\/novoportal\/wp-json\/wp\/v2\/categories?post=88034"},{"taxonomy":"post_tag","embeddable":true,"href":"https:\/\/www.sudoestehoje.com.br\/novoportal\/wp-json\/wp\/v2\/tags?post=88034"}],"curies":[{"name":"wp","href":"https:\/\/api.w.org\/{rel}","templated":true}]}}