
{"id":87991,"date":"2020-06-30T18:00:51","date_gmt":"2020-06-30T21:00:51","guid":{"rendered":"https:\/\/www.sudoestehoje.com.br\/novoportal\/?p=87991"},"modified":"2020-06-30T18:00:51","modified_gmt":"2020-06-30T21:00:51","slug":"itororo-radialista-edcarlos-se-afasta-do-radio-para-disputar-vaga-na-camara","status":"publish","type":"post","link":"https:\/\/www.sudoestehoje.com.br\/novoportal\/2020\/06\/30\/itororo-radialista-edcarlos-se-afasta-do-radio-para-disputar-vaga-na-camara\/","title":{"rendered":"ITOROR\u00d3: RADIALISTA EDCARLOS SE AFASTA DO R\u00c1DIO PARA DISPUTAR VAGA NA C\u00c2MARA"},"content":{"rendered":"<p><a href=\"https:\/\/www.sudoestehoje.com.br\/novoportal\/wp-content\/uploads\/2020\/06\/EDCARLOS-ITOROR\u00d3.jpeg\"><img loading=\"lazy\" decoding=\"async\" class=\"aligncenter size-medium wp-image-87992\" src=\"https:\/\/www.sudoestehoje.com.br\/novoportal\/wp-content\/uploads\/2020\/06\/EDCARLOS-ITOROR\u00d3-500x500.jpeg\" alt=\"\" width=\"500\" height=\"500\" srcset=\"https:\/\/www.sudoestehoje.com.br\/novoportal\/wp-content\/uploads\/2020\/06\/EDCARLOS-ITOROR\u00d3-500x500.jpeg 500w, https:\/\/www.sudoestehoje.com.br\/novoportal\/wp-content\/uploads\/2020\/06\/EDCARLOS-ITOROR\u00d3-150x150.jpeg 150w, https:\/\/www.sudoestehoje.com.br\/novoportal\/wp-content\/uploads\/2020\/06\/EDCARLOS-ITOROR\u00d3.jpeg 640w\" sizes=\"auto, (max-width: 500px) 100vw, 500px\" \/><\/a><\/p>\n<p>EDCARLOS, jovem nascido em Rio do Meio, distrito de Itoror\u00f3\/Ba, casou, teve filhos e foi a S\u00e3o Paulo, onde tornou-se jornalista, radialista e assessor parlamentar.<\/p>\n<p>Voltou \u00e0 sua terra para comandar o Programa Fala, Pov\u00e3o! da R\u00e1dio Itoror\u00f3 FM 105,9 se revelando um fen\u00f4meno da comunica\u00e7\u00e3o em audi\u00eancia e credibilidade.<\/p>\n<p>Agora, em raz\u00e3o da lei eleitoral, afasta-se temporariamente do r\u00e1dio para desincompatibilizar-se e apresenta-se como pr\u00e9-candidato a vereador de Itoror\u00f3 pelo Cidadania (ex-PPS).<\/p>\n<p>Boa sorte, Edcarlos!<\/p>\n","protected":false},"excerpt":{"rendered":"<p>EDCARLOS, jovem nascido em Rio do Meio, distrito de Itoror\u00f3\/Ba, casou, teve filhos e foi a S\u00e3o Paulo, onde tornou-se jornalista, radialista e assessor parlamentar. Voltou \u00e0 sua terra para comandar o Programa Fala, Pov\u00e3o! da R\u00e1dio Itoror\u00f3 FM 105,9 se revelando um fen\u00f4meno da comunica\u00e7\u00e3o em audi\u00eancia e credibilidade. Agora, em raz\u00e3o da lei [&hellip;]<\/p>\n","protected":false},"author":2,"featured_media":87992,"comment_status":"open","ping_status":"open","sticky":false,"template":"","format":"standard","meta":{"footnotes":"","_links_to":"","_links_to_target":""},"categories":[1],"tags":[],"class_list":["post-87991","post","type-post","status-publish","format-standard","has-post-thumbnail","hentry","category-geral"],"views":1431,"_links":{"self":[{"href":"https:\/\/www.sudoestehoje.com.br\/novoportal\/wp-json\/wp\/v2\/posts\/87991","targetHints":{"allow":["GET"]}}],"collection":[{"href":"https:\/\/www.sudoestehoje.com.br\/novoportal\/wp-json\/wp\/v2\/posts"}],"about":[{"href":"https:\/\/www.sudoestehoje.com.br\/novoportal\/wp-json\/wp\/v2\/types\/post"}],"author":[{"embeddable":true,"href":"https:\/\/www.sudoestehoje.com.br\/novoportal\/wp-json\/wp\/v2\/users\/2"}],"replies":[{"embeddable":true,"href":"https:\/\/www.sudoestehoje.com.br\/novoportal\/wp-json\/wp\/v2\/comments?post=87991"}],"version-history":[{"count":1,"href":"https:\/\/www.sudoestehoje.com.br\/novoportal\/wp-json\/wp\/v2\/posts\/87991\/revisions"}],"predecessor-version":[{"id":87993,"href":"https:\/\/www.sudoestehoje.com.br\/novoportal\/wp-json\/wp\/v2\/posts\/87991\/revisions\/87993"}],"wp:featuredmedia":[{"embeddable":true,"href":"https:\/\/www.sudoestehoje.com.br\/novoportal\/wp-json\/wp\/v2\/media\/87992"}],"wp:attachment":[{"href":"https:\/\/www.sudoestehoje.com.br\/novoportal\/wp-json\/wp\/v2\/media?parent=87991"}],"wp:term":[{"taxonomy":"category","embeddable":true,"href":"https:\/\/www.sudoestehoje.com.br\/novoportal\/wp-json\/wp\/v2\/categories?post=87991"},{"taxonomy":"post_tag","embeddable":true,"href":"https:\/\/www.sudoestehoje.com.br\/novoportal\/wp-json\/wp\/v2\/tags?post=87991"}],"curies":[{"name":"wp","href":"https:\/\/api.w.org\/{rel}","templated":true}]}}