
{"id":87980,"date":"2020-06-30T12:46:46","date_gmt":"2020-06-30T15:46:46","guid":{"rendered":"https:\/\/www.sudoestehoje.com.br\/novoportal\/?p=87980"},"modified":"2020-07-02T11:37:44","modified_gmt":"2020-07-02T14:37:44","slug":"macarani-secretaria-de-saude-testa-pessoas-que-tiveram-contato-com-funcionarios-contaminados-da-tabocas","status":"publish","type":"post","link":"https:\/\/www.sudoestehoje.com.br\/novoportal\/2020\/06\/30\/macarani-secretaria-de-saude-testa-pessoas-que-tiveram-contato-com-funcionarios-contaminados-da-tabocas\/","title":{"rendered":"MACARANI: SECRETARIA DE SA\u00daDE TESTA PESSOAS QUE TIVERAM CONTATO COM FUNCION\u00c1RIOS CONTAMINADOS DA TABOCAS"},"content":{"rendered":"<p><a href=\"https:\/\/www.sudoestehoje.com.br\/novoportal\/wp-content\/uploads\/2020\/06\/MACARANI-TESTAGEM.jpeg\"><img loading=\"lazy\" decoding=\"async\" class=\"aligncenter size-medium wp-image-87982\" src=\"https:\/\/www.sudoestehoje.com.br\/novoportal\/wp-content\/uploads\/2020\/06\/MACARANI-TESTAGEM-500x339.jpeg\" alt=\"\" width=\"500\" height=\"339\" srcset=\"https:\/\/www.sudoestehoje.com.br\/novoportal\/wp-content\/uploads\/2020\/06\/MACARANI-TESTAGEM-500x339.jpeg 500w, https:\/\/www.sudoestehoje.com.br\/novoportal\/wp-content\/uploads\/2020\/06\/MACARANI-TESTAGEM-700x475.jpeg 700w, https:\/\/www.sudoestehoje.com.br\/novoportal\/wp-content\/uploads\/2020\/06\/MACARANI-TESTAGEM-768x521.jpeg 768w, https:\/\/www.sudoestehoje.com.br\/novoportal\/wp-content\/uploads\/2020\/06\/MACARANI-TESTAGEM.jpeg 960w\" sizes=\"auto, (max-width: 500px) 100vw, 500px\" \/><\/a><\/p>\n<p>A Prefeitura Municipal de Macarani atrav\u00e9s da Secretaria de Sa\u00fade, realizou na manh\u00e3 desta segunda feira (29), a testagem de contactantes dos colaboradores da empresa Tabocas que positivaram para o COVID-19. Esses testes foram encaminhados para o Lacem &#8211; Laborat\u00f3rio Central &#8211; em Vit\u00f3ria da Conquista e os resultados devem come\u00e7ar a serem emitidos em at\u00e9 72 horas. A Secretaria de Sa\u00fade informa que esse teste possui um efic\u00e1cia e assegura uma legitimidade em seu resultado.<\/p>\n<p>Seguindo o protocolo, mais contactantes dever\u00e3o ser testados ainda essa semana. Entretanto vale lembrar que todos est\u00e3o em monitoramento atrav\u00e9s da Vigil\u00e2ncia Epidemiol\u00f3gica do munic\u00edpio.<\/p>\n<p>A Secretaria de Sa\u00fade informa ainda que todos os profissionais que realizam testagem para o COVID-19 passaram por um treinamento na cidade de Vit\u00f3ria da Conquista e est\u00e3o aptos para fazerem esse procedimento.<\/p>\n<p><em>\u201cA nossa gest\u00e3o trabalha continuamente para minimizar o impacto da pandemia na vida da popula\u00e7\u00e3o. Os Macaranienses n\u00e3o ficar\u00e3o desassistidos. Com f\u00e9 em Deus, vamos vencer o coronav\u00edrus.\u00a0Estamos trabalhando muito e oramos todos os dias pela sa\u00fade desses pacientes e prote\u00e7\u00e3o dos profissionais que atuam na linha de frente\u201d<\/em>, completou o prefeito Dr. Miller<\/p>\n","protected":false},"excerpt":{"rendered":"<p>A Prefeitura Municipal de Macarani atrav\u00e9s da Secretaria de Sa\u00fade, realizou na manh\u00e3 desta segunda feira (29), a testagem de contactantes dos colaboradores da empresa Tabocas que positivaram para o COVID-19. Esses testes foram encaminhados para o Lacem &#8211; Laborat\u00f3rio Central &#8211; em Vit\u00f3ria da Conquista e os resultados devem come\u00e7ar a serem emitidos em [&hellip;]<\/p>\n","protected":false},"author":2,"featured_media":87982,"comment_status":"closed","ping_status":"open","sticky":false,"template":"","format":"standard","meta":{"footnotes":"","_links_to":"","_links_to_target":""},"categories":[1],"tags":[],"class_list":["post-87980","post","type-post","status-publish","format-standard","has-post-thumbnail","hentry","category-geral"],"views":1386,"_links":{"self":[{"href":"https:\/\/www.sudoestehoje.com.br\/novoportal\/wp-json\/wp\/v2\/posts\/87980","targetHints":{"allow":["GET"]}}],"collection":[{"href":"https:\/\/www.sudoestehoje.com.br\/novoportal\/wp-json\/wp\/v2\/posts"}],"about":[{"href":"https:\/\/www.sudoestehoje.com.br\/novoportal\/wp-json\/wp\/v2\/types\/post"}],"author":[{"embeddable":true,"href":"https:\/\/www.sudoestehoje.com.br\/novoportal\/wp-json\/wp\/v2\/users\/2"}],"replies":[{"embeddable":true,"href":"https:\/\/www.sudoestehoje.com.br\/novoportal\/wp-json\/wp\/v2\/comments?post=87980"}],"version-history":[{"count":3,"href":"https:\/\/www.sudoestehoje.com.br\/novoportal\/wp-json\/wp\/v2\/posts\/87980\/revisions"}],"predecessor-version":[{"id":87984,"href":"https:\/\/www.sudoestehoje.com.br\/novoportal\/wp-json\/wp\/v2\/posts\/87980\/revisions\/87984"}],"wp:featuredmedia":[{"embeddable":true,"href":"https:\/\/www.sudoestehoje.com.br\/novoportal\/wp-json\/wp\/v2\/media\/87982"}],"wp:attachment":[{"href":"https:\/\/www.sudoestehoje.com.br\/novoportal\/wp-json\/wp\/v2\/media?parent=87980"}],"wp:term":[{"taxonomy":"category","embeddable":true,"href":"https:\/\/www.sudoestehoje.com.br\/novoportal\/wp-json\/wp\/v2\/categories?post=87980"},{"taxonomy":"post_tag","embeddable":true,"href":"https:\/\/www.sudoestehoje.com.br\/novoportal\/wp-json\/wp\/v2\/tags?post=87980"}],"curies":[{"name":"wp","href":"https:\/\/api.w.org\/{rel}","templated":true}]}}