
{"id":8798,"date":"2011-09-17T10:20:49","date_gmt":"2011-09-17T13:20:49","guid":{"rendered":"http:\/\/www.sudoestehoje.com.br\/novoportal\/?p=8798"},"modified":"2011-09-17T10:20:49","modified_gmt":"2011-09-17T13:20:49","slug":"valeu-a-denuncia-2","status":"publish","type":"post","link":"https:\/\/www.sudoestehoje.com.br\/novoportal\/2011\/09\/17\/valeu-a-denuncia-2\/","title":{"rendered":"VALEU A DEN\u00daNCIA"},"content":{"rendered":"<p style=\"text-align: center;\"><a href=\"http:\/\/www.sudoestehoje.com.br\/novoportal\/wp-content\/uploads\/2011\/09\/imagesd-horz1.jpg\"><img decoding=\"async\" class=\"aligncenter size-full wp-image-8799\" title=\"imagesd-horz\" src=\"http:\/\/www.sudoestehoje.com.br\/novoportal\/wp-content\/uploads\/2011\/09\/imagesd-horz1.jpg\" alt=\"\" width=\"400\" \/><\/a><\/p>\n<p>Depois da den\u00fancia feita por um Agente de Endemias, parece que a nova secret\u00e1ria de sa\u00fade acabou resolvendo o problema do armazenamento inadequado de medicamentos na Farm\u00e1cia B\u00e1sica do munic\u00edpio. Os desleixo da ex-secret\u00e1ria foi constatado, como j\u00e1 hav\u00edamos denunciado. O autor das den\u00fancia, Sr. Wanderval Ferraz, agradeceu ao Sudoeste Hoje, atrav\u00e9s do e-mail abaixo:<\/p>\n<p><em>&#8220;Caro Blogueiro, j\u00e1 n\u00e3o existem mais aquela realidade que\u00a0foi constatada pela nova Secret\u00e1ria de Sa\u00fade, com os rem\u00e9dios da\u00a0<strong>Farm\u00e1cia\u00a0B\u00e1sica<\/strong>, armazenados de maneira, inadequada. Voltei no local quinta- feira, dia 15\/09\/11 no per\u00edodo da manh\u00e3\u00a0e n\u00e3o tinha nem sequer um s\u00f3 comprimido\u00a0ao ch\u00e3o. O que podemos confirmar que o caso foi mesmo resolvido.Como j\u00e1\u00a0tinha prometido\u00a0a nova Secret\u00e1ria de Sa\u00fade,\u00a0Zoraide Vieira Cruz,\u00a0e que em tempo h\u00e1bil tomou as devidas provid\u00eancias. Nota-se que quando existem preoucupa\u00e7\u00e3o, compromisso e boa vontade nas resolu\u00e7\u00f5es de pequenos ou grandes problemas na Administra\u00e7\u00e3o P\u00fablica,\u00a0em prol a popula\u00e7\u00e3o, tudo pode se tornar poss\u00edvel. Desde j\u00e1 agrade\u00e7o. Certo de contar com vossa compreens\u00e3o reitero os meus votos de apre\u00e7o e considera\u00e7\u00e3o. Wanderval Ferraz&#8221;.<\/em><\/p>\n","protected":false},"excerpt":{"rendered":"<p>Depois da den\u00fancia feita por um Agente de Endemias, parece que a nova secret\u00e1ria de sa\u00fade acabou resolvendo o problema do armazenamento inadequado de medicamentos na Farm\u00e1cia B\u00e1sica do munic\u00edpio. Os desleixo da ex-secret\u00e1ria foi constatado, como j\u00e1 hav\u00edamos denunciado. O autor das den\u00fancia, Sr. Wanderval Ferraz, agradeceu ao Sudoeste Hoje, atrav\u00e9s do e-mail abaixo: [&hellip;]<\/p>\n","protected":false},"author":2,"featured_media":0,"comment_status":"open","ping_status":"open","sticky":false,"template":"","format":"standard","meta":{"footnotes":"","_links_to":"","_links_to_target":""},"categories":[1],"tags":[],"class_list":["post-8798","post","type-post","status-publish","format-standard","hentry","category-geral"],"views":1324,"_links":{"self":[{"href":"https:\/\/www.sudoestehoje.com.br\/novoportal\/wp-json\/wp\/v2\/posts\/8798","targetHints":{"allow":["GET"]}}],"collection":[{"href":"https:\/\/www.sudoestehoje.com.br\/novoportal\/wp-json\/wp\/v2\/posts"}],"about":[{"href":"https:\/\/www.sudoestehoje.com.br\/novoportal\/wp-json\/wp\/v2\/types\/post"}],"author":[{"embeddable":true,"href":"https:\/\/www.sudoestehoje.com.br\/novoportal\/wp-json\/wp\/v2\/users\/2"}],"replies":[{"embeddable":true,"href":"https:\/\/www.sudoestehoje.com.br\/novoportal\/wp-json\/wp\/v2\/comments?post=8798"}],"version-history":[{"count":2,"href":"https:\/\/www.sudoestehoje.com.br\/novoportal\/wp-json\/wp\/v2\/posts\/8798\/revisions"}],"predecessor-version":[{"id":8801,"href":"https:\/\/www.sudoestehoje.com.br\/novoportal\/wp-json\/wp\/v2\/posts\/8798\/revisions\/8801"}],"wp:attachment":[{"href":"https:\/\/www.sudoestehoje.com.br\/novoportal\/wp-json\/wp\/v2\/media?parent=8798"}],"wp:term":[{"taxonomy":"category","embeddable":true,"href":"https:\/\/www.sudoestehoje.com.br\/novoportal\/wp-json\/wp\/v2\/categories?post=8798"},{"taxonomy":"post_tag","embeddable":true,"href":"https:\/\/www.sudoestehoje.com.br\/novoportal\/wp-json\/wp\/v2\/tags?post=8798"}],"curies":[{"name":"wp","href":"https:\/\/api.w.org\/{rel}","templated":true}]}}