
{"id":87922,"date":"2020-06-28T12:23:21","date_gmt":"2020-06-28T15:23:21","guid":{"rendered":"https:\/\/www.sudoestehoje.com.br\/novoportal\/?p=87922"},"modified":"2020-06-28T21:04:43","modified_gmt":"2020-06-29T00:04:43","slug":"caatiba-prefeita-tania-ribeiro-entrega-novo-veiculo-ao-conselho-tutelar","status":"publish","type":"post","link":"https:\/\/www.sudoestehoje.com.br\/novoportal\/2020\/06\/28\/caatiba-prefeita-tania-ribeiro-entrega-novo-veiculo-ao-conselho-tutelar\/","title":{"rendered":"CAATIBA: PREFEITA T\u00c2NIA RIBEIRO ENTREGA NOVO VE\u00cdCULO AO CONSELHO TUTELAR"},"content":{"rendered":"<p><a href=\"https:\/\/www.sudoestehoje.com.br\/novoportal\/wp-content\/uploads\/2020\/06\/carro-caatiba-1.jpg\"><img loading=\"lazy\" decoding=\"async\" class=\"aligncenter size-medium wp-image-87926\" src=\"https:\/\/www.sudoestehoje.com.br\/novoportal\/wp-content\/uploads\/2020\/06\/carro-caatiba-1-500x333.jpg\" alt=\"\" width=\"500\" height=\"333\" srcset=\"https:\/\/www.sudoestehoje.com.br\/novoportal\/wp-content\/uploads\/2020\/06\/carro-caatiba-1-500x333.jpg 500w, https:\/\/www.sudoestehoje.com.br\/novoportal\/wp-content\/uploads\/2020\/06\/carro-caatiba-1-700x467.jpg 700w, https:\/\/www.sudoestehoje.com.br\/novoportal\/wp-content\/uploads\/2020\/06\/carro-caatiba-1-768x512.jpg 768w, https:\/\/www.sudoestehoje.com.br\/novoportal\/wp-content\/uploads\/2020\/06\/carro-caatiba-1.jpg 960w\" sizes=\"auto, (max-width: 500px) 100vw, 500px\" \/><\/a><\/p>\n<p>A prefeita do Munic\u00edpio de Caatiba esteve nesta \u00faltima sexta-feira (26)<span class=\"text_exposed_show\"> na capital baiana, para fazer a retirada do ve\u00edculo que faz parte de um dos itens do Kit equipagem que ir\u00e1 compor meio e recursos para o bom funcionamento e atua\u00e7\u00e3o do Conselho Tutelar do Munic\u00edpio. <\/span><\/p>\n<p><span class=\"text_exposed_show\">O autom\u00f3vel 0 km que j\u00e1 estava legalmente como bem do Conselho Tutelar de Caatiba aguardava apenas o ato de entrega que foi adiado em raz\u00e3o da pandemia que impediu a tramita\u00e7\u00e3o normal de recebimento. A aquisi\u00e7\u00e3o do ve\u00edculo faz parte do programa de Equipagem dos Conselhos Tutelares da Secretaria de Direitos Humanos da Presid\u00eancia da Rep\u00fablica \u2013 SDH.<\/span><\/p>\n<p><a href=\"https:\/\/www.sudoestehoje.com.br\/novoportal\/wp-content\/uploads\/2020\/06\/carro-caatiba-3.jpg\"><img loading=\"lazy\" decoding=\"async\" class=\"aligncenter size-medium wp-image-87928\" src=\"https:\/\/www.sudoestehoje.com.br\/novoportal\/wp-content\/uploads\/2020\/06\/carro-caatiba-3-500x333.jpg\" alt=\"\" width=\"500\" height=\"333\" srcset=\"https:\/\/www.sudoestehoje.com.br\/novoportal\/wp-content\/uploads\/2020\/06\/carro-caatiba-3-500x333.jpg 500w, https:\/\/www.sudoestehoje.com.br\/novoportal\/wp-content\/uploads\/2020\/06\/carro-caatiba-3-700x467.jpg 700w, https:\/\/www.sudoestehoje.com.br\/novoportal\/wp-content\/uploads\/2020\/06\/carro-caatiba-3-768x512.jpg 768w, https:\/\/www.sudoestehoje.com.br\/novoportal\/wp-content\/uploads\/2020\/06\/carro-caatiba-3.jpg 960w\" sizes=\"auto, (max-width: 500px) 100vw, 500px\" \/><\/a><\/p>\n<p><span class=\"text_exposed_show\">Para que o munic\u00edpio pudesse de fato ter o direito a receber este bem e outros itens como computadores, j\u00e1 em posse do CT- Caatiba foi necess\u00e1rio uma a\u00e7\u00e3o articulada da Prefeitura Municipal de Caatiba, Conselho Tutelar e do Deputado Federal Jos\u00e9 Nunes (PSD), que atendeu prontamente ao pedido da prefeita T\u00e2nia Ribeiro, atrav\u00e9s de emenda parlamentar. <\/span><\/p>\n<p><span class=\"text_exposed_show\">Assim esta importante aquisi\u00e7\u00e3o ir\u00e1 fomentar e qualificar a atua\u00e7\u00e3o do Conselho tutelar enquanto \u00f3rg\u00e3o estrat\u00e9gico do sistema de garantia dos direitos e cuidados \u00e1s crian\u00e7as e adolescentes no munic\u00edpio.<\/span><\/p>\n<p><a href=\"https:\/\/www.sudoestehoje.com.br\/novoportal\/wp-content\/uploads\/2020\/06\/carro-caatiba-2.jpg\"><img loading=\"lazy\" decoding=\"async\" class=\"aligncenter size-medium wp-image-87927\" src=\"https:\/\/www.sudoestehoje.com.br\/novoportal\/wp-content\/uploads\/2020\/06\/carro-caatiba-2-500x333.jpg\" alt=\"\" width=\"500\" height=\"333\" srcset=\"https:\/\/www.sudoestehoje.com.br\/novoportal\/wp-content\/uploads\/2020\/06\/carro-caatiba-2-500x333.jpg 500w, https:\/\/www.sudoestehoje.com.br\/novoportal\/wp-content\/uploads\/2020\/06\/carro-caatiba-2-700x467.jpg 700w, https:\/\/www.sudoestehoje.com.br\/novoportal\/wp-content\/uploads\/2020\/06\/carro-caatiba-2-768x512.jpg 768w, https:\/\/www.sudoestehoje.com.br\/novoportal\/wp-content\/uploads\/2020\/06\/carro-caatiba-2.jpg 960w\" sizes=\"auto, (max-width: 500px) 100vw, 500px\" \/><\/a><\/p>\n<p><span class=\"text_exposed_show\">Ap\u00f3s uma longa expectativa, a Prefeita T\u00e2nia Ribeiro e o vice Paulo Paiva , fizeram a entrega oficial das chaves do ve\u00edculo que ocorreu neste s\u00e1bado (27), contando com a presen\u00e7a dos Membros do Conselho Tutelar, Secret\u00e1ria Municipal de Assist\u00eancia Social Moyana Mendes, Presidente do CMDCA Cl\u00e9ber Sousa e do vereador Graciano Bitencourt. <\/span><\/p>\n<p><span class=\"text_exposed_show\">A Prefeita T\u00e2nia Ribeiro e todos os demais comemoraram o fato do munic\u00edpio ter sido contemplado com este bem, uma vez que ser\u00e1 mais uma ferramenta para o atendimento \u00e1 comunidade. <em>\u201cCom este ve\u00edculo de uso exclusivo do Conselho Tutelar do munic\u00edpio de Caatiba, estamos mais amparados para prestar um servi\u00e7o ainda melhor para nossas crian\u00e7as e adolescentes, com um trabalho mais \u00e1gil e humanizado\u201d<\/em>, afirmou a prefeita. \/\/Ascom <\/span><a class=\"profileLink\" title=\"Caatiba Bahia\" href=\"https:\/\/www.facebook.com\/ascomcaatiba.ascom.7?__tn__=%2CdKH-R-R&amp;eid=ARBTnZ8-ba9R89loZKSTilneNiV0DM-rrHhqupZpmOiW6_TEhMp41pYyrMiM4OAw6YF_-AgTy5J8oHxc&amp;fref=mentions\" data-hovercard=\"\/ajax\/hovercard\/user.php?id=100015971282217&amp;extragetparams=%7B%22__tn__%22%3A%22%2CdKH-R-R%22%2C%22eid%22%3A%22ARBTnZ8-ba9R89loZKSTilneNiV0DM-rrHhqupZpmOiW6_TEhMp41pYyrMiM4OAw6YF_-AgTy5J8oHxc%22%2C%22fref%22%3A%22mentions%22%7D\" data-hovercard-prefer-more-content-show=\"1\">Caatiba Bahia\u00a0<\/a><\/p>\n\n\t\t<style type=\"text\/css\">\n\t\t\t#gallery-1 {\n\t\t\t\tmargin: auto;\n\t\t\t}\n\t\t\t#gallery-1 .gallery-item {\n\t\t\t\tfloat: left;\n\t\t\t\tmargin-top: 10px;\n\t\t\t\ttext-align: center;\n\t\t\t\twidth: 33%;\n\t\t\t}\n\t\t\t#gallery-1 img {\n\t\t\t\tborder: 2px solid #cfcfcf;\n\t\t\t}\n\t\t\t#gallery-1 .gallery-caption {\n\t\t\t\tmargin-left: 0;\n\t\t\t}\n\t\t\t\/* see gallery_shortcode() in wp-includes\/media.php *\/\n\t\t<\/style>\n\t\t<div id='gallery-1' class='gallery galleryid-87922 gallery-columns-3 gallery-size-thumbnail'><dl class='gallery-item'>\n\t\t\t<dt class='gallery-icon landscape'>\n\t\t\t\t<a href='https:\/\/www.sudoestehoje.com.br\/novoportal\/2020\/06\/28\/caatiba-prefeita-tania-ribeiro-entrega-novo-veiculo-ao-conselho-tutelar\/carro-caatiba-8\/'><img loading=\"lazy\" decoding=\"async\" width=\"150\" height=\"150\" src=\"https:\/\/www.sudoestehoje.com.br\/novoportal\/wp-content\/uploads\/2020\/06\/carro-caatiba-8-150x150.jpg\" class=\"attachment-thumbnail size-thumbnail\" alt=\"\" \/><\/a>\n\t\t\t<\/dt><\/dl><dl class='gallery-item'>\n\t\t\t<dt class='gallery-icon landscape'>\n\t\t\t\t<a href='https:\/\/www.sudoestehoje.com.br\/novoportal\/2020\/06\/28\/caatiba-prefeita-tania-ribeiro-entrega-novo-veiculo-ao-conselho-tutelar\/carro-caatiba-9\/'><img loading=\"lazy\" decoding=\"async\" width=\"150\" height=\"150\" src=\"https:\/\/www.sudoestehoje.com.br\/novoportal\/wp-content\/uploads\/2020\/06\/carro-caatiba-9-150x150.jpg\" class=\"attachment-thumbnail size-thumbnail\" alt=\"\" \/><\/a>\n\t\t\t<\/dt><\/dl><dl class='gallery-item'>\n\t\t\t<dt class='gallery-icon landscape'>\n\t\t\t\t<a href='https:\/\/www.sudoestehoje.com.br\/novoportal\/2020\/06\/28\/caatiba-prefeita-tania-ribeiro-entrega-novo-veiculo-ao-conselho-tutelar\/carro-caatiba-5\/'><img loading=\"lazy\" decoding=\"async\" width=\"150\" height=\"150\" src=\"https:\/\/www.sudoestehoje.com.br\/novoportal\/wp-content\/uploads\/2020\/06\/carro-caatiba-5-150x150.jpg\" class=\"attachment-thumbnail size-thumbnail\" alt=\"\" \/><\/a>\n\t\t\t<\/dt><\/dl><br style=\"clear: both\" \/><dl class='gallery-item'>\n\t\t\t<dt class='gallery-icon landscape'>\n\t\t\t\t<a href='https:\/\/www.sudoestehoje.com.br\/novoportal\/2020\/06\/28\/caatiba-prefeita-tania-ribeiro-entrega-novo-veiculo-ao-conselho-tutelar\/carro-caatiba-7\/'><img loading=\"lazy\" decoding=\"async\" width=\"150\" height=\"150\" src=\"https:\/\/www.sudoestehoje.com.br\/novoportal\/wp-content\/uploads\/2020\/06\/carro-caatiba-7-150x150.jpg\" class=\"attachment-thumbnail size-thumbnail\" alt=\"\" \/><\/a>\n\t\t\t<\/dt><\/dl><dl class='gallery-item'>\n\t\t\t<dt class='gallery-icon landscape'>\n\t\t\t\t<a href='https:\/\/www.sudoestehoje.com.br\/novoportal\/2020\/06\/28\/caatiba-prefeita-tania-ribeiro-entrega-novo-veiculo-ao-conselho-tutelar\/carro-caatiba-12\/'><img loading=\"lazy\" decoding=\"async\" width=\"150\" height=\"150\" src=\"https:\/\/www.sudoestehoje.com.br\/novoportal\/wp-content\/uploads\/2020\/06\/carro-caatiba-12-150x150.jpg\" class=\"attachment-thumbnail size-thumbnail\" alt=\"\" \/><\/a>\n\t\t\t<\/dt><\/dl><dl class='gallery-item'>\n\t\t\t<dt class='gallery-icon landscape'>\n\t\t\t\t<a href='https:\/\/www.sudoestehoje.com.br\/novoportal\/2020\/06\/28\/caatiba-prefeita-tania-ribeiro-entrega-novo-veiculo-ao-conselho-tutelar\/carro-caatiba-11\/'><img loading=\"lazy\" decoding=\"async\" width=\"150\" height=\"150\" src=\"https:\/\/www.sudoestehoje.com.br\/novoportal\/wp-content\/uploads\/2020\/06\/carro-caatiba-11-150x150.jpg\" class=\"attachment-thumbnail size-thumbnail\" alt=\"\" \/><\/a>\n\t\t\t<\/dt><\/dl><br style=\"clear: both\" \/>\n\t\t<\/div>\n\n","protected":false},"excerpt":{"rendered":"<p>A prefeita do Munic\u00edpio de Caatiba esteve nesta \u00faltima sexta-feira (26) na capital baiana, para fazer a retirada do ve\u00edculo que faz parte de um dos itens do Kit equipagem que ir\u00e1 compor meio e recursos para o bom funcionamento e atua\u00e7\u00e3o do Conselho Tutelar do Munic\u00edpio. O autom\u00f3vel 0 km que j\u00e1 estava legalmente [&hellip;]<\/p>\n","protected":false},"author":2,"featured_media":87926,"comment_status":"closed","ping_status":"open","sticky":false,"template":"","format":"standard","meta":{"footnotes":"","_links_to":"","_links_to_target":""},"categories":[1],"tags":[],"class_list":["post-87922","post","type-post","status-publish","format-standard","has-post-thumbnail","hentry","category-geral"],"views":947,"_links":{"self":[{"href":"https:\/\/www.sudoestehoje.com.br\/novoportal\/wp-json\/wp\/v2\/posts\/87922","targetHints":{"allow":["GET"]}}],"collection":[{"href":"https:\/\/www.sudoestehoje.com.br\/novoportal\/wp-json\/wp\/v2\/posts"}],"about":[{"href":"https:\/\/www.sudoestehoje.com.br\/novoportal\/wp-json\/wp\/v2\/types\/post"}],"author":[{"embeddable":true,"href":"https:\/\/www.sudoestehoje.com.br\/novoportal\/wp-json\/wp\/v2\/users\/2"}],"replies":[{"embeddable":true,"href":"https:\/\/www.sudoestehoje.com.br\/novoportal\/wp-json\/wp\/v2\/comments?post=87922"}],"version-history":[{"count":4,"href":"https:\/\/www.sudoestehoje.com.br\/novoportal\/wp-json\/wp\/v2\/posts\/87922\/revisions"}],"predecessor-version":[{"id":87938,"href":"https:\/\/www.sudoestehoje.com.br\/novoportal\/wp-json\/wp\/v2\/posts\/87922\/revisions\/87938"}],"wp:featuredmedia":[{"embeddable":true,"href":"https:\/\/www.sudoestehoje.com.br\/novoportal\/wp-json\/wp\/v2\/media\/87926"}],"wp:attachment":[{"href":"https:\/\/www.sudoestehoje.com.br\/novoportal\/wp-json\/wp\/v2\/media?parent=87922"}],"wp:term":[{"taxonomy":"category","embeddable":true,"href":"https:\/\/www.sudoestehoje.com.br\/novoportal\/wp-json\/wp\/v2\/categories?post=87922"},{"taxonomy":"post_tag","embeddable":true,"href":"https:\/\/www.sudoestehoje.com.br\/novoportal\/wp-json\/wp\/v2\/tags?post=87922"}],"curies":[{"name":"wp","href":"https:\/\/api.w.org\/{rel}","templated":true}]}}