
{"id":87912,"date":"2020-06-27T18:18:21","date_gmt":"2020-06-27T21:18:21","guid":{"rendered":"https:\/\/www.sudoestehoje.com.br\/novoportal\/?p=87912"},"modified":"2020-06-28T21:05:19","modified_gmt":"2020-06-29T00:05:19","slug":"itororo-registra-2o-obito-pela-covid-19","status":"publish","type":"post","link":"https:\/\/www.sudoestehoje.com.br\/novoportal\/2020\/06\/27\/itororo-registra-2o-obito-pela-covid-19\/","title":{"rendered":"ITOROR\u00d3 REGISTRA 2\u00ba \u00d3BITO PELA COVID-19"},"content":{"rendered":"<p><a href=\"https:\/\/www.sudoestehoje.com.br\/novoportal\/wp-content\/uploads\/2020\/06\/itoror\u00f3-37.jpg\"><img loading=\"lazy\" decoding=\"async\" class=\"aligncenter size-medium wp-image-87913\" src=\"https:\/\/www.sudoestehoje.com.br\/novoportal\/wp-content\/uploads\/2020\/06\/itoror\u00f3-37-500x500.jpg\" alt=\"\" width=\"500\" height=\"500\" srcset=\"https:\/\/www.sudoestehoje.com.br\/novoportal\/wp-content\/uploads\/2020\/06\/itoror\u00f3-37-500x500.jpg 500w, https:\/\/www.sudoestehoje.com.br\/novoportal\/wp-content\/uploads\/2020\/06\/itoror\u00f3-37-700x700.jpg 700w, https:\/\/www.sudoestehoje.com.br\/novoportal\/wp-content\/uploads\/2020\/06\/itoror\u00f3-37-150x150.jpg 150w, https:\/\/www.sudoestehoje.com.br\/novoportal\/wp-content\/uploads\/2020\/06\/itoror\u00f3-37-768x768.jpg 768w, https:\/\/www.sudoestehoje.com.br\/novoportal\/wp-content\/uploads\/2020\/06\/itoror\u00f3-37.jpg 960w\" sizes=\"auto, (max-width: 500px) 100vw, 500px\" \/><\/a><\/p>\n<p>Neste s\u00e1bado (27) o munic\u00edpio de Itoror\u00f3 registrou mais um \u00f3bito pela Covid-19: Trata-se de uma paciente do sexo feminino, 77 anos, que estava hospitalizada na UTI do Hospital Cristo Redentor, em Itapetinga.<\/p>\n<p>Ap\u00f3s apresentar o quadro de insufici\u00eancia respirat\u00f3ria aguda grave, foi coletado material para o exame RT PCR para investiga\u00e7\u00e3o COVID 19, mas a paciente veio a \u00f3bito nesta quinta-feira (25), tendo resultado emitido pelo laborat\u00f3rio Lacem Salvador como <strong><em>detect\u00e1vel<\/em><\/strong> para COVID 19.<\/p>\n<p>Com mais um \u00f3bito <span class=\"text_exposed_show\">confirmado, o n\u00famero de infectados no munic\u00edpio de Itoror\u00f3 subiu para 36, com 17 curados e 2 \u00f3bitos.<\/span><\/p>\n<p><strong><em>Reda\u00e7\u00e3o SH<\/em><\/strong><\/p>\n","protected":false},"excerpt":{"rendered":"<p>Neste s\u00e1bado (27) o munic\u00edpio de Itoror\u00f3 registrou mais um \u00f3bito pela Covid-19: Trata-se de uma paciente do sexo feminino, 77 anos, que estava hospitalizada na UTI do Hospital Cristo Redentor, em Itapetinga. Ap\u00f3s apresentar o quadro de insufici\u00eancia respirat\u00f3ria aguda grave, foi coletado material para o exame RT PCR para investiga\u00e7\u00e3o COVID 19, mas [&hellip;]<\/p>\n","protected":false},"author":2,"featured_media":87913,"comment_status":"open","ping_status":"open","sticky":false,"template":"","format":"standard","meta":{"footnotes":"","_links_to":"","_links_to_target":""},"categories":[1],"tags":[],"class_list":["post-87912","post","type-post","status-publish","format-standard","has-post-thumbnail","hentry","category-geral"],"views":940,"_links":{"self":[{"href":"https:\/\/www.sudoestehoje.com.br\/novoportal\/wp-json\/wp\/v2\/posts\/87912","targetHints":{"allow":["GET"]}}],"collection":[{"href":"https:\/\/www.sudoestehoje.com.br\/novoportal\/wp-json\/wp\/v2\/posts"}],"about":[{"href":"https:\/\/www.sudoestehoje.com.br\/novoportal\/wp-json\/wp\/v2\/types\/post"}],"author":[{"embeddable":true,"href":"https:\/\/www.sudoestehoje.com.br\/novoportal\/wp-json\/wp\/v2\/users\/2"}],"replies":[{"embeddable":true,"href":"https:\/\/www.sudoestehoje.com.br\/novoportal\/wp-json\/wp\/v2\/comments?post=87912"}],"version-history":[{"count":2,"href":"https:\/\/www.sudoestehoje.com.br\/novoportal\/wp-json\/wp\/v2\/posts\/87912\/revisions"}],"predecessor-version":[{"id":87915,"href":"https:\/\/www.sudoestehoje.com.br\/novoportal\/wp-json\/wp\/v2\/posts\/87912\/revisions\/87915"}],"wp:featuredmedia":[{"embeddable":true,"href":"https:\/\/www.sudoestehoje.com.br\/novoportal\/wp-json\/wp\/v2\/media\/87913"}],"wp:attachment":[{"href":"https:\/\/www.sudoestehoje.com.br\/novoportal\/wp-json\/wp\/v2\/media?parent=87912"}],"wp:term":[{"taxonomy":"category","embeddable":true,"href":"https:\/\/www.sudoestehoje.com.br\/novoportal\/wp-json\/wp\/v2\/categories?post=87912"},{"taxonomy":"post_tag","embeddable":true,"href":"https:\/\/www.sudoestehoje.com.br\/novoportal\/wp-json\/wp\/v2\/tags?post=87912"}],"curies":[{"name":"wp","href":"https:\/\/api.w.org\/{rel}","templated":true}]}}