
{"id":8791,"date":"2011-09-17T00:46:41","date_gmt":"2011-09-17T03:46:41","guid":{"rendered":"http:\/\/www.sudoestehoje.com.br\/novoportal\/?p=8791"},"modified":"2011-09-17T00:46:41","modified_gmt":"2011-09-17T03:46:41","slug":"humor-g17-tiririca-e-expulso-do-facebook-e-devolvido-ao-orkut","status":"publish","type":"post","link":"https:\/\/www.sudoestehoje.com.br\/novoportal\/2011\/09\/17\/humor-g17-tiririca-e-expulso-do-facebook-e-devolvido-ao-orkut\/","title":{"rendered":"HUMOR G17: TIRIRICA \u00c9 EXPULSO DO FACEBOOK E DEVOLVIDO AO ORKUT"},"content":{"rendered":"<p style=\"text-align: center;\"><img decoding=\"async\" class=\"aligncenter\" src=\"http:\/\/www.g17.com.br\/fotos5\/tiririca.jpg\" alt=\"\" width=\"400\" \/><\/p>\n<p style=\"text-align: center;\"><em><strong>C\u00e2mara Federal reagiu criticando o Facebook pela expuls\u00e3o do colega Tiririca<\/strong><\/em><\/p>\n<p>A tarde desta quarta-feira (14) foi tumultuada no plen\u00e1rio da C\u00e2mara Federal, por causa da expuls\u00e3o do Deputado Federal, Tiririca, da rede social Facebook. O parlamentar foi devolvido para o Orkut. Os deputados colegas de Tiririca disseram que a medida foi autorit\u00e1ria, e prometem acionar o STF para fazer o Facebook voltar atr\u00e1s com a decis\u00e3o.<\/p>\n<p>A devolu\u00e7\u00e3o de Tiririca para o Orkut trata-se de uma opera\u00e7\u00e3o \u201climpeza\u201d, que o Facebook est\u00e1 fazendo com alguns usu\u00e1rios. Como antecipou o G17 em uma reportagem publicada meses atr\u00e1s, cerca de 800 mil imigrantes do Orkut ser\u00e3o expulsos do Facebook. A dire\u00e7\u00e3o da rede social explicou que, a ideia \u00e9 manter o Facebook elitizado, com pessoas alfabetizadas e graduadas, para que o conte\u00fado da rede seja mais proveitoso.<\/p>\n<p>Procurado pela nossa reportagem, Tiririca disse que n\u00e3o est\u00e1 nem a\u00ed, e que vai continuar a usar o Orkut normalmente.<\/p>\n<p><em>\u201cEu acho at\u00e9 melhor o Orkut porque tem aqueles bichinhos piscando que os amigos enviam pra voc\u00ea, tem aquelas coisas que voc\u00ea clica e ganha um milh\u00e3o de reais, ou dicas de como perder 100kg em 5 minutos, muito melhor o Orkut, e estou feliz em ter sido devolvido para o lugar de onde eu n\u00e3o deveria ter sa\u00eddo\u201d <\/em>, disse Tiririca.<\/p>\n","protected":false},"excerpt":{"rendered":"<p>C\u00e2mara Federal reagiu criticando o Facebook pela expuls\u00e3o do colega Tiririca A tarde desta quarta-feira (14) foi tumultuada no plen\u00e1rio da C\u00e2mara Federal, por causa da expuls\u00e3o do Deputado Federal, Tiririca, da rede social Facebook. O parlamentar foi devolvido para o Orkut. Os deputados colegas de Tiririca disseram que a medida foi autorit\u00e1ria, e prometem [&hellip;]<\/p>\n","protected":false},"author":2,"featured_media":0,"comment_status":"open","ping_status":"open","sticky":false,"template":"","format":"standard","meta":{"footnotes":"","_links_to":"","_links_to_target":""},"categories":[1],"tags":[],"class_list":["post-8791","post","type-post","status-publish","format-standard","hentry","category-geral"],"views":1627,"_links":{"self":[{"href":"https:\/\/www.sudoestehoje.com.br\/novoportal\/wp-json\/wp\/v2\/posts\/8791","targetHints":{"allow":["GET"]}}],"collection":[{"href":"https:\/\/www.sudoestehoje.com.br\/novoportal\/wp-json\/wp\/v2\/posts"}],"about":[{"href":"https:\/\/www.sudoestehoje.com.br\/novoportal\/wp-json\/wp\/v2\/types\/post"}],"author":[{"embeddable":true,"href":"https:\/\/www.sudoestehoje.com.br\/novoportal\/wp-json\/wp\/v2\/users\/2"}],"replies":[{"embeddable":true,"href":"https:\/\/www.sudoestehoje.com.br\/novoportal\/wp-json\/wp\/v2\/comments?post=8791"}],"version-history":[{"count":5,"href":"https:\/\/www.sudoestehoje.com.br\/novoportal\/wp-json\/wp\/v2\/posts\/8791\/revisions"}],"predecessor-version":[{"id":8796,"href":"https:\/\/www.sudoestehoje.com.br\/novoportal\/wp-json\/wp\/v2\/posts\/8791\/revisions\/8796"}],"wp:attachment":[{"href":"https:\/\/www.sudoestehoje.com.br\/novoportal\/wp-json\/wp\/v2\/media?parent=8791"}],"wp:term":[{"taxonomy":"category","embeddable":true,"href":"https:\/\/www.sudoestehoje.com.br\/novoportal\/wp-json\/wp\/v2\/categories?post=8791"},{"taxonomy":"post_tag","embeddable":true,"href":"https:\/\/www.sudoestehoje.com.br\/novoportal\/wp-json\/wp\/v2\/tags?post=8791"}],"curies":[{"name":"wp","href":"https:\/\/api.w.org\/{rel}","templated":true}]}}