
{"id":87897,"date":"2020-06-26T21:52:18","date_gmt":"2020-06-27T00:52:18","guid":{"rendered":"https:\/\/www.sudoestehoje.com.br\/novoportal\/?p=87897"},"modified":"2020-06-28T21:05:47","modified_gmt":"2020-06-29T00:05:47","slug":"morre-aos-92-anos-o-ex-deputado-federal-felix-mendonca-vitima-da-cpvid-19","status":"publish","type":"post","link":"https:\/\/www.sudoestehoje.com.br\/novoportal\/2020\/06\/26\/morre-aos-92-anos-o-ex-deputado-federal-felix-mendonca-vitima-da-cpvid-19\/","title":{"rendered":"MORRE, AOS 92 ANOS, O EX-DEPUTADO FEDERAL FELIX MENDON\u00c7A, V\u00cdTIMA DA COVID-19"},"content":{"rendered":"<p><a href=\"https:\/\/www.sudoestehoje.com.br\/novoportal\/wp-content\/uploads\/2020\/06\/MORRE-FELIX-MENDON\u00c7A.jpg\"><img loading=\"lazy\" decoding=\"async\" class=\"aligncenter size-medium wp-image-87899\" src=\"https:\/\/www.sudoestehoje.com.br\/novoportal\/wp-content\/uploads\/2020\/06\/MORRE-FELIX-MENDON\u00c7A-500x281.jpg\" alt=\"\" width=\"500\" height=\"281\" srcset=\"https:\/\/www.sudoestehoje.com.br\/novoportal\/wp-content\/uploads\/2020\/06\/MORRE-FELIX-MENDON\u00c7A-500x281.jpg 500w, https:\/\/www.sudoestehoje.com.br\/novoportal\/wp-content\/uploads\/2020\/06\/MORRE-FELIX-MENDON\u00c7A-700x394.jpg 700w, https:\/\/www.sudoestehoje.com.br\/novoportal\/wp-content\/uploads\/2020\/06\/MORRE-FELIX-MENDON\u00c7A-768x432.jpg 768w, https:\/\/www.sudoestehoje.com.br\/novoportal\/wp-content\/uploads\/2020\/06\/MORRE-FELIX-MENDON\u00c7A.jpg 940w\" sizes=\"auto, (max-width: 500px) 100vw, 500px\" \/><\/a><\/p>\n<p>Morreu nesta sexta-feira (26) o ex-deputado e fundador do jornal CORREIO F\u00e9lix Mendon\u00e7a (PDT), aos 92 anos. Ele estava internado em um hospital particular de Salvador ap\u00f3s ter sido diagnosticado com covid-19.<\/p>\n<p class=\"bodytext\">O an\u00fancio do internamento foi feito no dia 21 de junho pelo filho, o deputado federal F\u00e9lix Mendon\u00e7a J\u00fanior (PDT). &#8220;Meu pai testou positivo para o coronav\u00edrus e est\u00e1 internado aos cuidados de uma equipe muito competente. Aos 92 anos, ele \u00e9 o meu maior exemplo de coragem, \u00e9tica, amor ao pr\u00f3ximo e vontade de viver. \u00c9 um guerreiro, tor\u00e7am e rezem por ele, afinal pedir a Deus \u00e9 o que mais importa&#8221;. F\u00e9lix Jr. tamb\u00e9m foi diagnosticado com covid-19 e est\u00e1 em quarentena.<\/p>\n<p class=\"bodytext\">Formado em engenharia, F\u00e9lix Mendon\u00e7a\u00a0nasceu em Cora\u00e7\u00e3o do Almeida, no Rec\u00f4ncavo Baiano, foi prefeito de Itabuna (1963\u20131966), deputado estadual (1967\u20131971) e deputado federal (1983\u20132011).<\/p>\n<p class=\"bodytext\">&#8220;Ele foi um pol\u00edtico e um empres\u00e1rio muito importante para a Bahia e, durante toda a sua vida, manteve uma rela\u00e7\u00e3o de amizade com a nossa fam\u00edlia. Foi um dos melhores amigos do senador Antonio Carlos Magalh\u00e3es\u201d, lamentou o senador Antonio Carlos Magalh\u00e3es Junior. <em>\/\/Correio<\/em><\/p>\n","protected":false},"excerpt":{"rendered":"<p>Morreu nesta sexta-feira (26) o ex-deputado e fundador do jornal CORREIO F\u00e9lix Mendon\u00e7a (PDT), aos 92 anos. Ele estava internado em um hospital particular de Salvador ap\u00f3s ter sido diagnosticado com covid-19. O an\u00fancio do internamento foi feito no dia 21 de junho pelo filho, o deputado federal F\u00e9lix Mendon\u00e7a J\u00fanior (PDT). &#8220;Meu pai testou [&hellip;]<\/p>\n","protected":false},"author":2,"featured_media":87899,"comment_status":"closed","ping_status":"open","sticky":false,"template":"","format":"standard","meta":{"footnotes":"","_links_to":"","_links_to_target":""},"categories":[1],"tags":[],"class_list":["post-87897","post","type-post","status-publish","format-standard","has-post-thumbnail","hentry","category-geral"],"views":1100,"_links":{"self":[{"href":"https:\/\/www.sudoestehoje.com.br\/novoportal\/wp-json\/wp\/v2\/posts\/87897","targetHints":{"allow":["GET"]}}],"collection":[{"href":"https:\/\/www.sudoestehoje.com.br\/novoportal\/wp-json\/wp\/v2\/posts"}],"about":[{"href":"https:\/\/www.sudoestehoje.com.br\/novoportal\/wp-json\/wp\/v2\/types\/post"}],"author":[{"embeddable":true,"href":"https:\/\/www.sudoestehoje.com.br\/novoportal\/wp-json\/wp\/v2\/users\/2"}],"replies":[{"embeddable":true,"href":"https:\/\/www.sudoestehoje.com.br\/novoportal\/wp-json\/wp\/v2\/comments?post=87897"}],"version-history":[{"count":4,"href":"https:\/\/www.sudoestehoje.com.br\/novoportal\/wp-json\/wp\/v2\/posts\/87897\/revisions"}],"predecessor-version":[{"id":87902,"href":"https:\/\/www.sudoestehoje.com.br\/novoportal\/wp-json\/wp\/v2\/posts\/87897\/revisions\/87902"}],"wp:featuredmedia":[{"embeddable":true,"href":"https:\/\/www.sudoestehoje.com.br\/novoportal\/wp-json\/wp\/v2\/media\/87899"}],"wp:attachment":[{"href":"https:\/\/www.sudoestehoje.com.br\/novoportal\/wp-json\/wp\/v2\/media?parent=87897"}],"wp:term":[{"taxonomy":"category","embeddable":true,"href":"https:\/\/www.sudoestehoje.com.br\/novoportal\/wp-json\/wp\/v2\/categories?post=87897"},{"taxonomy":"post_tag","embeddable":true,"href":"https:\/\/www.sudoestehoje.com.br\/novoportal\/wp-json\/wp\/v2\/tags?post=87897"}],"curies":[{"name":"wp","href":"https:\/\/api.w.org\/{rel}","templated":true}]}}