
{"id":87892,"date":"2020-06-26T21:40:44","date_gmt":"2020-06-27T00:40:44","guid":{"rendered":"https:\/\/www.sudoestehoje.com.br\/novoportal\/?p=87892"},"modified":"2020-06-26T22:04:13","modified_gmt":"2020-06-27T01:04:13","slug":"covid-19-macarani-divulga-boletim-apos-testagem-positiva-de-62-funcionarios-da-tabocas","status":"publish","type":"post","link":"https:\/\/www.sudoestehoje.com.br\/novoportal\/2020\/06\/26\/covid-19-macarani-divulga-boletim-apos-testagem-positiva-de-62-funcionarios-da-tabocas\/","title":{"rendered":"COVID-19: MACARANI DIVULGA NOVO BOLETIM AP\u00d3S TESTAGEM POSITIVA DE 62 FUNCION\u00c1RIOS DA TABOCAS"},"content":{"rendered":"<p><a href=\"https:\/\/www.sudoestehoje.com.br\/novoportal\/wp-content\/uploads\/2020\/06\/macarani-boletim-2.jpeg\"><img loading=\"lazy\" decoding=\"async\" class=\"aligncenter size-medium wp-image-87903\" src=\"https:\/\/www.sudoestehoje.com.br\/novoportal\/wp-content\/uploads\/2020\/06\/macarani-boletim-2-500x501.jpeg\" alt=\"\" width=\"500\" height=\"501\" srcset=\"https:\/\/www.sudoestehoje.com.br\/novoportal\/wp-content\/uploads\/2020\/06\/macarani-boletim-2-500x501.jpeg 500w, https:\/\/www.sudoestehoje.com.br\/novoportal\/wp-content\/uploads\/2020\/06\/macarani-boletim-2-700x701.jpeg 700w, https:\/\/www.sudoestehoje.com.br\/novoportal\/wp-content\/uploads\/2020\/06\/macarani-boletim-2-150x150.jpeg 150w, https:\/\/www.sudoestehoje.com.br\/novoportal\/wp-content\/uploads\/2020\/06\/macarani-boletim-2.jpeg 720w\" sizes=\"auto, (max-width: 500px) 100vw, 500px\" \/><\/a><\/p>\n<p>Nesta sexta-feira (26), a Prefeitura de Macarani comunicou \u00e0 popula\u00e7\u00e3o mais 2 novos casos positivos para o Covid 19, elevando para 81 o total de casos acumulados desde o in\u00edcio da pandemia, n\u00famero que foi expressivamente elevado ap\u00f3s contamina\u00e7\u00e3o de 62 funcion\u00e1rios da empresa Tabocas, hospedados em uma pousada da cidade.<\/p>\n<div class=\"text_exposed_show\">\n<p><em>&#8220;Estamos fazendo todos os esfor\u00e7os poss\u00edveis para superar essa pandemia em Macarani. At\u00e9 semana passada est\u00e1vamos com poucos casos, mas infelizmente fomos surpreendidos com um aumento expressivo devido a contamina\u00e7\u00e3o dos funcion\u00e1rios da empresa que presta servi\u00e7o de amplia\u00e7\u00e3o do sistema el\u00e9trico passando na nossa regi\u00e3o&#8221;<\/em>, lamentou o prefeito Miller Ferraz.<\/p>\n<p>Algumas medidas de seguran\u00e7a j\u00e1 foram adotadas pela prefeitura para minimizar o impacto da pandemia na vida da popula\u00e7\u00e3o, inclusive tendo que endurecer regras de preven\u00e7\u00e3o.<\/p>\n<p><em>&#8220;Deus me deu uma miss\u00e3o e vou cumpri-la, os Macaranienses n\u00e3o ficar\u00e3o desassistidos&#8221;<\/em>, encerrou o prefeito.<\/p>\n<p><strong><em>Reda\u00e7\u00e3o SH<\/em><\/strong><\/p>\n<\/div>\n","protected":false},"excerpt":{"rendered":"<p>Nesta sexta-feira (26), a Prefeitura de Macarani comunicou \u00e0 popula\u00e7\u00e3o mais 2 novos casos positivos para o Covid 19, elevando para 81 o total de casos acumulados desde o in\u00edcio da pandemia, n\u00famero que foi expressivamente elevado ap\u00f3s contamina\u00e7\u00e3o de 62 funcion\u00e1rios da empresa Tabocas, hospedados em uma pousada da cidade. &#8220;Estamos fazendo todos os [&hellip;]<\/p>\n","protected":false},"author":2,"featured_media":87903,"comment_status":"open","ping_status":"open","sticky":false,"template":"","format":"standard","meta":{"footnotes":"","_links_to":"","_links_to_target":""},"categories":[1],"tags":[],"class_list":["post-87892","post","type-post","status-publish","format-standard","has-post-thumbnail","hentry","category-geral"],"views":934,"_links":{"self":[{"href":"https:\/\/www.sudoestehoje.com.br\/novoportal\/wp-json\/wp\/v2\/posts\/87892","targetHints":{"allow":["GET"]}}],"collection":[{"href":"https:\/\/www.sudoestehoje.com.br\/novoportal\/wp-json\/wp\/v2\/posts"}],"about":[{"href":"https:\/\/www.sudoestehoje.com.br\/novoportal\/wp-json\/wp\/v2\/types\/post"}],"author":[{"embeddable":true,"href":"https:\/\/www.sudoestehoje.com.br\/novoportal\/wp-json\/wp\/v2\/users\/2"}],"replies":[{"embeddable":true,"href":"https:\/\/www.sudoestehoje.com.br\/novoportal\/wp-json\/wp\/v2\/comments?post=87892"}],"version-history":[{"count":5,"href":"https:\/\/www.sudoestehoje.com.br\/novoportal\/wp-json\/wp\/v2\/posts\/87892\/revisions"}],"predecessor-version":[{"id":87905,"href":"https:\/\/www.sudoestehoje.com.br\/novoportal\/wp-json\/wp\/v2\/posts\/87892\/revisions\/87905"}],"wp:featuredmedia":[{"embeddable":true,"href":"https:\/\/www.sudoestehoje.com.br\/novoportal\/wp-json\/wp\/v2\/media\/87903"}],"wp:attachment":[{"href":"https:\/\/www.sudoestehoje.com.br\/novoportal\/wp-json\/wp\/v2\/media?parent=87892"}],"wp:term":[{"taxonomy":"category","embeddable":true,"href":"https:\/\/www.sudoestehoje.com.br\/novoportal\/wp-json\/wp\/v2\/categories?post=87892"},{"taxonomy":"post_tag","embeddable":true,"href":"https:\/\/www.sudoestehoje.com.br\/novoportal\/wp-json\/wp\/v2\/tags?post=87892"}],"curies":[{"name":"wp","href":"https:\/\/api.w.org\/{rel}","templated":true}]}}