
{"id":87881,"date":"2020-06-26T18:53:47","date_gmt":"2020-06-26T21:53:47","guid":{"rendered":"https:\/\/www.sudoestehoje.com.br\/novoportal\/?p=87881"},"modified":"2020-06-28T21:06:22","modified_gmt":"2020-06-29T00:06:22","slug":"itapetinga-acumula-186-casos-da-covid-19","status":"publish","type":"post","link":"https:\/\/www.sudoestehoje.com.br\/novoportal\/2020\/06\/26\/itapetinga-acumula-186-casos-da-covid-19\/","title":{"rendered":"ITAPETINGA ACUMULA 186 CASOS DA COVID-19 E 9 \u00d3BITOS DESDE O IN\u00cdCIO DA PANDEMIA"},"content":{"rendered":"<p><a href=\"https:\/\/www.sudoestehoje.com.br\/novoportal\/wp-content\/uploads\/2020\/06\/186-ITAP.jpeg\"><img loading=\"lazy\" decoding=\"async\" class=\"aligncenter size-medium wp-image-87882\" src=\"https:\/\/www.sudoestehoje.com.br\/novoportal\/wp-content\/uploads\/2020\/06\/186-ITAP-394x700.jpeg\" alt=\"\" width=\"394\" height=\"700\" srcset=\"https:\/\/www.sudoestehoje.com.br\/novoportal\/wp-content\/uploads\/2020\/06\/186-ITAP-394x700.jpeg 394w, https:\/\/www.sudoestehoje.com.br\/novoportal\/wp-content\/uploads\/2020\/06\/186-ITAP-506x900.jpeg 506w, https:\/\/www.sudoestehoje.com.br\/novoportal\/wp-content\/uploads\/2020\/06\/186-ITAP.jpeg 664w\" sizes=\"auto, (max-width: 394px) 100vw, 394px\" \/><\/a><\/p>\n<p>A Secretaria de Sa\u00fade de Itapetinga acaba de divulgar o boletim di\u00e1rio da Covid-19, onde constam 186 casos acumulados no munic\u00edpio, desde o in\u00edcio da pandemia.<\/p>\n<p>\u00d3BITOS<\/p>\n<p>No boletim desta sexta-feira (26) o n\u00famero de \u00f3bitos passou de 7 para 9 casos. De acordo com informa\u00e7\u00f5es, um idoso de 83 anos, com comorbidades, e uma mulher de 50 anos vieram a \u00f3bito no HCR, nesta quinta, ap\u00f3s serem internados com sintomas da Covid-19, mas j\u00e1 em estado grave.<\/p>\n<p>Os 32 pacientes positivados no Lar Laura Carvalho j\u00e1 foram inclu\u00eddos no boletim de ontem, segundo a secretaria.<\/p>\n<p><strong><em>Por Davi Ferraz\u00a0<\/em><\/strong><\/p>\n<p>&nbsp;<\/p>\n","protected":false},"excerpt":{"rendered":"<p>A Secretaria de Sa\u00fade de Itapetinga acaba de divulgar o boletim di\u00e1rio da Covid-19, onde constam 186 casos acumulados no munic\u00edpio, desde o in\u00edcio da pandemia. \u00d3BITOS No boletim desta sexta-feira (26) o n\u00famero de \u00f3bitos passou de 7 para 9 casos. De acordo com informa\u00e7\u00f5es, um idoso de 83 anos, com comorbidades, e uma [&hellip;]<\/p>\n","protected":false},"author":2,"featured_media":87882,"comment_status":"closed","ping_status":"open","sticky":false,"template":"","format":"standard","meta":{"footnotes":"","_links_to":"","_links_to_target":""},"categories":[1],"tags":[],"class_list":["post-87881","post","type-post","status-publish","format-standard","has-post-thumbnail","hentry","category-geral"],"views":1061,"_links":{"self":[{"href":"https:\/\/www.sudoestehoje.com.br\/novoportal\/wp-json\/wp\/v2\/posts\/87881","targetHints":{"allow":["GET"]}}],"collection":[{"href":"https:\/\/www.sudoestehoje.com.br\/novoportal\/wp-json\/wp\/v2\/posts"}],"about":[{"href":"https:\/\/www.sudoestehoje.com.br\/novoportal\/wp-json\/wp\/v2\/types\/post"}],"author":[{"embeddable":true,"href":"https:\/\/www.sudoestehoje.com.br\/novoportal\/wp-json\/wp\/v2\/users\/2"}],"replies":[{"embeddable":true,"href":"https:\/\/www.sudoestehoje.com.br\/novoportal\/wp-json\/wp\/v2\/comments?post=87881"}],"version-history":[{"count":5,"href":"https:\/\/www.sudoestehoje.com.br\/novoportal\/wp-json\/wp\/v2\/posts\/87881\/revisions"}],"predecessor-version":[{"id":87890,"href":"https:\/\/www.sudoestehoje.com.br\/novoportal\/wp-json\/wp\/v2\/posts\/87881\/revisions\/87890"}],"wp:featuredmedia":[{"embeddable":true,"href":"https:\/\/www.sudoestehoje.com.br\/novoportal\/wp-json\/wp\/v2\/media\/87882"}],"wp:attachment":[{"href":"https:\/\/www.sudoestehoje.com.br\/novoportal\/wp-json\/wp\/v2\/media?parent=87881"}],"wp:term":[{"taxonomy":"category","embeddable":true,"href":"https:\/\/www.sudoestehoje.com.br\/novoportal\/wp-json\/wp\/v2\/categories?post=87881"},{"taxonomy":"post_tag","embeddable":true,"href":"https:\/\/www.sudoestehoje.com.br\/novoportal\/wp-json\/wp\/v2\/tags?post=87881"}],"curies":[{"name":"wp","href":"https:\/\/api.w.org\/{rel}","templated":true}]}}