
{"id":87876,"date":"2020-06-26T18:34:05","date_gmt":"2020-06-26T21:34:05","guid":{"rendered":"https:\/\/www.sudoestehoje.com.br\/novoportal\/?p=87876"},"modified":"2020-06-28T21:06:43","modified_gmt":"2020-06-29T00:06:43","slug":"bahia-chega-proxima-ao-pico-e-registra-recordes-de-mortes-pela-covid-19","status":"publish","type":"post","link":"https:\/\/www.sudoestehoje.com.br\/novoportal\/2020\/06\/26\/bahia-chega-proxima-ao-pico-e-registra-recordes-de-mortes-pela-covid-19\/","title":{"rendered":"BAHIA CHEGA PR\u00d3XIMO AO PICO E REGISTRA RECORDES DE MORTES PELA COVID-19"},"content":{"rendered":"<p><a href=\"https:\/\/www.sudoestehoje.com.br\/novoportal\/wp-content\/uploads\/2020\/06\/PICO-BAHIA.jpg\"><img loading=\"lazy\" decoding=\"async\" class=\"aligncenter size-medium wp-image-87878\" src=\"https:\/\/www.sudoestehoje.com.br\/novoportal\/wp-content\/uploads\/2020\/06\/PICO-BAHIA-500x254.jpg\" alt=\"\" width=\"500\" height=\"254\" srcset=\"https:\/\/www.sudoestehoje.com.br\/novoportal\/wp-content\/uploads\/2020\/06\/PICO-BAHIA-500x254.jpg 500w, https:\/\/www.sudoestehoje.com.br\/novoportal\/wp-content\/uploads\/2020\/06\/PICO-BAHIA-700x356.jpg 700w, https:\/\/www.sudoestehoje.com.br\/novoportal\/wp-content\/uploads\/2020\/06\/PICO-BAHIA-768x390.jpg 768w, https:\/\/www.sudoestehoje.com.br\/novoportal\/wp-content\/uploads\/2020\/06\/PICO-BAHIA.jpg 984w\" sizes=\"auto, (max-width: 500px) 100vw, 500px\" \/><\/a><\/p>\n<p>A Bahia registrou o maior n\u00famero de mortes por Covid-19 em uma semana nos \u00faltimos sete dias desde o in\u00edcio da pandemia. Foram 337 registros de vidas baianas ceifadas pelo novo coronav\u00edrus notificadas entre 20 e 26 de junho, conforme dados divulgados diariamente nos boletins epidemiol\u00f3gicos da Secretaria da Sa\u00fade do Estado (Sesab).<\/p>\n<p>Nesta sexta (26) o estado registrou novos 2.131 casos de Covid-19 e 41 mortes pela doen\u00e7a nesta sexta-feira (26) em rela\u00e7\u00e3o ao balan\u00e7o anterior da Secretria da Sa\u00fade (Sesab). O estado soma agora 56.422 casos confirmados e 1.642 \u00f3bitos desde o in\u00edcio da pandemia.<\/p>\n<p>Na quinta-feira (25), o estado tinha 54.291 casos e 1.601 mortes.<\/p>\n<p>O boletim ainda informa que a Bahia contabiliza 31.192 pessoas consideradas recuperadas da Covid-19 e outros 23.588 casos ativos.<\/p>\n","protected":false},"excerpt":{"rendered":"<p>A Bahia registrou o maior n\u00famero de mortes por Covid-19 em uma semana nos \u00faltimos sete dias desde o in\u00edcio da pandemia. Foram 337 registros de vidas baianas ceifadas pelo novo coronav\u00edrus notificadas entre 20 e 26 de junho, conforme dados divulgados diariamente nos boletins epidemiol\u00f3gicos da Secretaria da Sa\u00fade do Estado (Sesab). Nesta sexta [&hellip;]<\/p>\n","protected":false},"author":2,"featured_media":87878,"comment_status":"closed","ping_status":"open","sticky":false,"template":"","format":"standard","meta":{"footnotes":"","_links_to":"","_links_to_target":""},"categories":[1],"tags":[],"class_list":["post-87876","post","type-post","status-publish","format-standard","has-post-thumbnail","hentry","category-geral"],"views":838,"_links":{"self":[{"href":"https:\/\/www.sudoestehoje.com.br\/novoportal\/wp-json\/wp\/v2\/posts\/87876","targetHints":{"allow":["GET"]}}],"collection":[{"href":"https:\/\/www.sudoestehoje.com.br\/novoportal\/wp-json\/wp\/v2\/posts"}],"about":[{"href":"https:\/\/www.sudoestehoje.com.br\/novoportal\/wp-json\/wp\/v2\/types\/post"}],"author":[{"embeddable":true,"href":"https:\/\/www.sudoestehoje.com.br\/novoportal\/wp-json\/wp\/v2\/users\/2"}],"replies":[{"embeddable":true,"href":"https:\/\/www.sudoestehoje.com.br\/novoportal\/wp-json\/wp\/v2\/comments?post=87876"}],"version-history":[{"count":4,"href":"https:\/\/www.sudoestehoje.com.br\/novoportal\/wp-json\/wp\/v2\/posts\/87876\/revisions"}],"predecessor-version":[{"id":87891,"href":"https:\/\/www.sudoestehoje.com.br\/novoportal\/wp-json\/wp\/v2\/posts\/87876\/revisions\/87891"}],"wp:featuredmedia":[{"embeddable":true,"href":"https:\/\/www.sudoestehoje.com.br\/novoportal\/wp-json\/wp\/v2\/media\/87878"}],"wp:attachment":[{"href":"https:\/\/www.sudoestehoje.com.br\/novoportal\/wp-json\/wp\/v2\/media?parent=87876"}],"wp:term":[{"taxonomy":"category","embeddable":true,"href":"https:\/\/www.sudoestehoje.com.br\/novoportal\/wp-json\/wp\/v2\/categories?post=87876"},{"taxonomy":"post_tag","embeddable":true,"href":"https:\/\/www.sudoestehoje.com.br\/novoportal\/wp-json\/wp\/v2\/tags?post=87876"}],"curies":[{"name":"wp","href":"https:\/\/api.w.org\/{rel}","templated":true}]}}