
{"id":87873,"date":"2020-06-26T13:17:08","date_gmt":"2020-06-26T16:17:08","guid":{"rendered":"https:\/\/www.sudoestehoje.com.br\/novoportal\/?p=87873"},"modified":"2020-06-28T21:06:55","modified_gmt":"2020-06-29T00:06:55","slug":"covid-19-itapetinga-32-casos-do-lar-laura-carvalho-ja-foram-informados-no-boletim-desta-quinta","status":"publish","type":"post","link":"https:\/\/www.sudoestehoje.com.br\/novoportal\/2020\/06\/26\/covid-19-itapetinga-32-casos-do-lar-laura-carvalho-ja-foram-informados-no-boletim-desta-quinta\/","title":{"rendered":"COVID-19 ITAPETINGA: 32 CASOS DO LAR LAURA CARVALHO J\u00c1 FORAM INFORMADOS NO BOLETIM DESTA QUINTA"},"content":{"rendered":"<p><a href=\"https:\/\/www.sudoestehoje.com.br\/novoportal\/wp-content\/uploads\/2020\/06\/boletim-174-1.jpeg\"><img loading=\"lazy\" decoding=\"async\" class=\"aligncenter size-medium wp-image-87874\" src=\"https:\/\/www.sudoestehoje.com.br\/novoportal\/wp-content\/uploads\/2020\/06\/boletim-174-1-500x499.jpeg\" alt=\"\" width=\"500\" height=\"499\" srcset=\"https:\/\/www.sudoestehoje.com.br\/novoportal\/wp-content\/uploads\/2020\/06\/boletim-174-1-500x499.jpeg 500w, https:\/\/www.sudoestehoje.com.br\/novoportal\/wp-content\/uploads\/2020\/06\/boletim-174-1-700x699.jpeg 700w, https:\/\/www.sudoestehoje.com.br\/novoportal\/wp-content\/uploads\/2020\/06\/boletim-174-1-150x150.jpeg 150w, https:\/\/www.sudoestehoje.com.br\/novoportal\/wp-content\/uploads\/2020\/06\/boletim-174-1.jpeg 706w\" sizes=\"auto, (max-width: 500px) 100vw, 500px\" \/><\/a><\/p>\n<p>Depois do an\u00fancio dos 32 novos casos da Covid-19 no <strong>Lar Laura Carvalho<\/strong>, em Itapetinga, o <strong><em>Sudoeste Hoje<\/em><\/strong> entrou em contato com o prefeito Rodrigo Hagge, que informou que esses casos j\u00e1 haviam sido inclu\u00eddos no Boletim de ontem, quinta-feira (25), elevando o n\u00famero de infectados no munic\u00edpio de forma substancial.<\/p>\n<p>Portanto, os casos confirmados no abrigo n\u00e3o ser\u00e3o inclu\u00eddos no novo boletim a ser divulgado no final da tarde desta sexta-feira (26).<\/p>\n<p>O Lar Laura Carvalho \u00e9 uma entidade filantr\u00f3pica, mantida atrav\u00e9s de doa\u00e7\u00f5es particulares e campanhas de arrecada\u00e7\u00e3o de outras entidades, sem v\u00ednculo com o poder p\u00fablico.<\/p>\n<p><strong><em>Por Davi Ferraz<\/em><\/strong><\/p>\n","protected":false},"excerpt":{"rendered":"<p>Depois do an\u00fancio dos 32 novos casos da Covid-19 no Lar Laura Carvalho, em Itapetinga, o Sudoeste Hoje entrou em contato com o prefeito Rodrigo Hagge, que informou que esses casos j\u00e1 haviam sido inclu\u00eddos no Boletim de ontem, quinta-feira (25), elevando o n\u00famero de infectados no munic\u00edpio de forma substancial. Portanto, os casos confirmados [&hellip;]<\/p>\n","protected":false},"author":2,"featured_media":87874,"comment_status":"closed","ping_status":"open","sticky":false,"template":"","format":"standard","meta":{"footnotes":"","_links_to":"","_links_to_target":""},"categories":[1],"tags":[],"class_list":["post-87873","post","type-post","status-publish","format-standard","has-post-thumbnail","hentry","category-geral"],"views":1320,"_links":{"self":[{"href":"https:\/\/www.sudoestehoje.com.br\/novoportal\/wp-json\/wp\/v2\/posts\/87873","targetHints":{"allow":["GET"]}}],"collection":[{"href":"https:\/\/www.sudoestehoje.com.br\/novoportal\/wp-json\/wp\/v2\/posts"}],"about":[{"href":"https:\/\/www.sudoestehoje.com.br\/novoportal\/wp-json\/wp\/v2\/types\/post"}],"author":[{"embeddable":true,"href":"https:\/\/www.sudoestehoje.com.br\/novoportal\/wp-json\/wp\/v2\/users\/2"}],"replies":[{"embeddable":true,"href":"https:\/\/www.sudoestehoje.com.br\/novoportal\/wp-json\/wp\/v2\/comments?post=87873"}],"version-history":[{"count":1,"href":"https:\/\/www.sudoestehoje.com.br\/novoportal\/wp-json\/wp\/v2\/posts\/87873\/revisions"}],"predecessor-version":[{"id":87875,"href":"https:\/\/www.sudoestehoje.com.br\/novoportal\/wp-json\/wp\/v2\/posts\/87873\/revisions\/87875"}],"wp:featuredmedia":[{"embeddable":true,"href":"https:\/\/www.sudoestehoje.com.br\/novoportal\/wp-json\/wp\/v2\/media\/87874"}],"wp:attachment":[{"href":"https:\/\/www.sudoestehoje.com.br\/novoportal\/wp-json\/wp\/v2\/media?parent=87873"}],"wp:term":[{"taxonomy":"category","embeddable":true,"href":"https:\/\/www.sudoestehoje.com.br\/novoportal\/wp-json\/wp\/v2\/categories?post=87873"},{"taxonomy":"post_tag","embeddable":true,"href":"https:\/\/www.sudoestehoje.com.br\/novoportal\/wp-json\/wp\/v2\/tags?post=87873"}],"curies":[{"name":"wp","href":"https:\/\/api.w.org\/{rel}","templated":true}]}}