
{"id":87866,"date":"2020-06-26T11:50:11","date_gmt":"2020-06-26T14:50:11","guid":{"rendered":"https:\/\/www.sudoestehoje.com.br\/novoportal\/?p=87866"},"modified":"2020-06-28T21:07:24","modified_gmt":"2020-06-29T00:07:24","slug":"itapetinga-31-idosos-e-um-funcionario-do-lar-laura-carvalho-testam-positivo-para-a-covid-19","status":"publish","type":"post","link":"https:\/\/www.sudoestehoje.com.br\/novoportal\/2020\/06\/26\/itapetinga-31-idosos-e-um-funcionario-do-lar-laura-carvalho-testam-positivo-para-a-covid-19\/","title":{"rendered":"ITAPETINGA: 31 IDOSOS E UM FUNCION\u00c1RIO DO LAR LAURA CARVALHO TESTAM POSITIVO PARA A COVID-19"},"content":{"rendered":"<p><a href=\"https:\/\/www.sudoestehoje.com.br\/novoportal\/wp-content\/uploads\/2020\/06\/lar-laura-carvalho-2.jpg\"><img loading=\"lazy\" decoding=\"async\" class=\"aligncenter size-medium wp-image-87868\" src=\"https:\/\/www.sudoestehoje.com.br\/novoportal\/wp-content\/uploads\/2020\/06\/lar-laura-carvalho-2-500x374.jpg\" alt=\"\" width=\"500\" height=\"374\" srcset=\"https:\/\/www.sudoestehoje.com.br\/novoportal\/wp-content\/uploads\/2020\/06\/lar-laura-carvalho-2-500x374.jpg 500w, https:\/\/www.sudoestehoje.com.br\/novoportal\/wp-content\/uploads\/2020\/06\/lar-laura-carvalho-2.jpg 669w\" sizes=\"auto, (max-width: 500px) 100vw, 500px\" \/><\/a><\/p>\n<p>Nesta quinta-feira, 25, a prefeitura de Itapetinga realizou testes r\u00e1pidos nos moradores e funcion\u00e1rios do Lar Laura Carvalho. 32 dos 80 testados tiveram resultado positivo para Covid-19 (31 idosos e 1 funcion\u00e1rio).<\/p>\n<p>Por isso, a partir desta sexta, a prefeitura recomendou a suspens\u00e3o das visitas e orientou sobre medidas de seguran\u00e7a para os funcion\u00e1rios do abrigo. Os casos positivos dever\u00e3o ficar em uma ala isolada de onde n\u00e3o poder\u00e3o sair. As atividades devem ser realizadas em \u00e1rea espec\u00edfica, afastada dos demais moradores at\u00e9 serem considerados curados.<\/p>\n<p>A prefeitura disponibilizar\u00e1, ainda, EPIs para os cuidadores e passou orienta\u00e7\u00f5es sobre a utiliza\u00e7\u00e3o dos equipamentos.<\/p>\n<p>A Vigil\u00e2ncia Epidemiol\u00f3gica manter\u00e1 os pacientes do Lar Laura Carvalho em monitoramento. Os pacientes encontram-se, em sua maioria, assintom\u00e1ticos ou com sintomas leves.<\/p>\n","protected":false},"excerpt":{"rendered":"<p>Nesta quinta-feira, 25, a prefeitura de Itapetinga realizou testes r\u00e1pidos nos moradores e funcion\u00e1rios do Lar Laura Carvalho. 32 dos 80 testados tiveram resultado positivo para Covid-19 (31 idosos e 1 funcion\u00e1rio). Por isso, a partir desta sexta, a prefeitura recomendou a suspens\u00e3o das visitas e orientou sobre medidas de seguran\u00e7a para os funcion\u00e1rios do [&hellip;]<\/p>\n","protected":false},"author":2,"featured_media":87868,"comment_status":"closed","ping_status":"open","sticky":false,"template":"","format":"standard","meta":{"footnotes":"","_links_to":"","_links_to_target":""},"categories":[1],"tags":[],"class_list":["post-87866","post","type-post","status-publish","format-standard","has-post-thumbnail","hentry","category-geral"],"views":1422,"_links":{"self":[{"href":"https:\/\/www.sudoestehoje.com.br\/novoportal\/wp-json\/wp\/v2\/posts\/87866","targetHints":{"allow":["GET"]}}],"collection":[{"href":"https:\/\/www.sudoestehoje.com.br\/novoportal\/wp-json\/wp\/v2\/posts"}],"about":[{"href":"https:\/\/www.sudoestehoje.com.br\/novoportal\/wp-json\/wp\/v2\/types\/post"}],"author":[{"embeddable":true,"href":"https:\/\/www.sudoestehoje.com.br\/novoportal\/wp-json\/wp\/v2\/users\/2"}],"replies":[{"embeddable":true,"href":"https:\/\/www.sudoestehoje.com.br\/novoportal\/wp-json\/wp\/v2\/comments?post=87866"}],"version-history":[{"count":2,"href":"https:\/\/www.sudoestehoje.com.br\/novoportal\/wp-json\/wp\/v2\/posts\/87866\/revisions"}],"predecessor-version":[{"id":87869,"href":"https:\/\/www.sudoestehoje.com.br\/novoportal\/wp-json\/wp\/v2\/posts\/87866\/revisions\/87869"}],"wp:featuredmedia":[{"embeddable":true,"href":"https:\/\/www.sudoestehoje.com.br\/novoportal\/wp-json\/wp\/v2\/media\/87868"}],"wp:attachment":[{"href":"https:\/\/www.sudoestehoje.com.br\/novoportal\/wp-json\/wp\/v2\/media?parent=87866"}],"wp:term":[{"taxonomy":"category","embeddable":true,"href":"https:\/\/www.sudoestehoje.com.br\/novoportal\/wp-json\/wp\/v2\/categories?post=87866"},{"taxonomy":"post_tag","embeddable":true,"href":"https:\/\/www.sudoestehoje.com.br\/novoportal\/wp-json\/wp\/v2\/tags?post=87866"}],"curies":[{"name":"wp","href":"https:\/\/api.w.org\/{rel}","templated":true}]}}