
{"id":87852,"date":"2020-06-25T18:51:25","date_gmt":"2020-06-25T21:51:25","guid":{"rendered":"https:\/\/www.sudoestehoje.com.br\/novoportal\/?p=87852"},"modified":"2020-06-28T21:07:55","modified_gmt":"2020-06-29T00:07:55","slug":"bahia-registra-60-mortes-nas-ultimas-24-horas-numero-e-recorde-desde-o-inicio-da-pandemia","status":"publish","type":"post","link":"https:\/\/www.sudoestehoje.com.br\/novoportal\/2020\/06\/25\/bahia-registra-60-mortes-nas-ultimas-24-horas-numero-e-recorde-desde-o-inicio-da-pandemia\/","title":{"rendered":"BAHIA REGISTRA 60 MORTES NAS \u00daLTIMAS 24 HORAS; N\u00daMERO \u00c9 RECORDE DESDE O IN\u00cdCIO DA PANDEMIA"},"content":{"rendered":"<p><a href=\"https:\/\/www.sudoestehoje.com.br\/novoportal\/wp-content\/uploads\/2020\/06\/MORTES-COVID-1.jpg\"><img loading=\"lazy\" decoding=\"async\" class=\"aligncenter  wp-image-87854\" src=\"https:\/\/www.sudoestehoje.com.br\/novoportal\/wp-content\/uploads\/2020\/06\/MORTES-COVID-1.jpg\" alt=\"\" width=\"501\" height=\"333\" \/><\/a><\/p>\n<p>A Bahia contabilizou 60 novas mortes por Covid-19 desde o \u00faltimo boletim da Secretaria da Sa\u00fade (Sesab). Atualiza\u00e7\u00e3o publicada nesta quinta-feira (25) traz o dado. O estado estava h\u00e1 tr\u00eas dias registrando novas 50 mortes em rela\u00e7\u00e3o ao boletim anterior, e nesta quinta bateu um recorde. O n\u00famero total de \u00f3bitos por Covid-19 no estado chegou a 1.601.<\/p>\n<p>Nas \u00faltimas 24 horas a Bahia registrou 2.360 novos casos do novo coronav\u00edrus. O n\u00famero chegou a 54.291 infectados desde o in\u00edcio da pandemia, de acordo com boletim.<\/p>\n<p>At\u00e9 esta quarta-feira (24) a Bahia somava 51.931 casos confirmados e 1.541 mortes pela doen\u00e7a.<\/p>\n<p>A Sesab informa que 29.193 j\u00e1 s\u00e3o considerados recuperados da doen\u00e7a e 23.497 encontram-se ativos.<\/p>\n","protected":false},"excerpt":{"rendered":"<p>A Bahia contabilizou 60 novas mortes por Covid-19 desde o \u00faltimo boletim da Secretaria da Sa\u00fade (Sesab). Atualiza\u00e7\u00e3o publicada nesta quinta-feira (25) traz o dado. O estado estava h\u00e1 tr\u00eas dias registrando novas 50 mortes em rela\u00e7\u00e3o ao boletim anterior, e nesta quinta bateu um recorde. O n\u00famero total de \u00f3bitos por Covid-19 no estado [&hellip;]<\/p>\n","protected":false},"author":2,"featured_media":87854,"comment_status":"closed","ping_status":"open","sticky":false,"template":"","format":"standard","meta":{"footnotes":"","_links_to":"","_links_to_target":""},"categories":[1],"tags":[],"class_list":["post-87852","post","type-post","status-publish","format-standard","has-post-thumbnail","hentry","category-geral"],"views":828,"_links":{"self":[{"href":"https:\/\/www.sudoestehoje.com.br\/novoportal\/wp-json\/wp\/v2\/posts\/87852","targetHints":{"allow":["GET"]}}],"collection":[{"href":"https:\/\/www.sudoestehoje.com.br\/novoportal\/wp-json\/wp\/v2\/posts"}],"about":[{"href":"https:\/\/www.sudoestehoje.com.br\/novoportal\/wp-json\/wp\/v2\/types\/post"}],"author":[{"embeddable":true,"href":"https:\/\/www.sudoestehoje.com.br\/novoportal\/wp-json\/wp\/v2\/users\/2"}],"replies":[{"embeddable":true,"href":"https:\/\/www.sudoestehoje.com.br\/novoportal\/wp-json\/wp\/v2\/comments?post=87852"}],"version-history":[{"count":2,"href":"https:\/\/www.sudoestehoje.com.br\/novoportal\/wp-json\/wp\/v2\/posts\/87852\/revisions"}],"predecessor-version":[{"id":87855,"href":"https:\/\/www.sudoestehoje.com.br\/novoportal\/wp-json\/wp\/v2\/posts\/87852\/revisions\/87855"}],"wp:featuredmedia":[{"embeddable":true,"href":"https:\/\/www.sudoestehoje.com.br\/novoportal\/wp-json\/wp\/v2\/media\/87854"}],"wp:attachment":[{"href":"https:\/\/www.sudoestehoje.com.br\/novoportal\/wp-json\/wp\/v2\/media?parent=87852"}],"wp:term":[{"taxonomy":"category","embeddable":true,"href":"https:\/\/www.sudoestehoje.com.br\/novoportal\/wp-json\/wp\/v2\/categories?post=87852"},{"taxonomy":"post_tag","embeddable":true,"href":"https:\/\/www.sudoestehoje.com.br\/novoportal\/wp-json\/wp\/v2\/tags?post=87852"}],"curies":[{"name":"wp","href":"https:\/\/api.w.org\/{rel}","templated":true}]}}